{"id":273889,"date":"2019-09-17T20:32:27","date_gmt":"2019-09-17T18:32:27","guid":{"rendered":"http:\/\/www.pcnen.com\/portal\/?p=273889"},"modified":"2019-09-17T20:42:41","modified_gmt":"2019-09-17T18:42:41","slug":"hra-sudski-savjet-nastavlja-da-krsi-propise","status":"publish","type":"post","link":"https:\/\/www.pcnen.com\/portal\/2019\/09\/17\/hra-sudski-savjet-nastavlja-da-krsi-propise\/","title":{"rendered":"HRA: Sudski savjet nastavlja da kr\u0161i propise"},"content":{"rendered":"<p>Akcija za ljudska prava (HRA) je danas reagovala na vijest da novinaru lista Dan nije dozvoljeno da prati sjednicu Sudskog savjeta, podsje\u0107aju\u0107i na to da takva zabrana nema upori\u0161ta u zakonu i drugim propisima.<\/p>\n<p><strong><em>\u201dNezakonitim sprje\u010davanjem javnosti da prati njegov rad, Sudski savjet nastavlja da pokazuje da nema namjeru da po\u0161tuje propise, a da njegova Strategija za odnose sa javno\u0161\u0107u i informisanje 2018-2020, u kojoj obe\u0107ava \u2018otvaranje vrata ukupnoj javnosti\u2019 i \u2018transparentnost kao integralni dio rada Sudskog savjeta\u2019, predstavlja skup neiskrenih floskula za zavaravanje me\u0111unarodne javnosti. Krajnje je vrijeme da se ovaj sastav Sudskog savjeta povu\u010de i ustupi mjesto ljudima koji \u0107e umijeti da povrate povjerenje u sudstvo\u201d, rekla je Tea Gorjanc Prelevi\u0107, izvr\u0161na direktorica HRA.<\/em><\/strong><\/p>\n<p>HRA je podsjetila na to da je zakonom propisano da Sudski savjet radi javno, a da je Poslovnikom o radu Sudskog savjeta propisano da je intervju sa kandidatom za sudijsku funkciju javan. Podsjetila je i na to da je Smjernicama za obavljanje intervjua Sudskog savjeta propisano da se prilikom intervjua kandidat obavje\u0161tava da je intervju javan i da se upoznaje sa prisutnom javnosti. Nigdje, isti\u010de HRA, nije propisano da javnost mora da se najavi, tj. da tra\u017ei posebnu dozvolu za prisustvo javnim sjednicama Sudskog savjeta.<\/p>\n<p>Sudski savjet je ju\u010de (16.septembra) intervjuisao kandidate za izbor na funkciju sudije Vi\u0161eg suda u Podgorici (Zoran Radovi\u0107, sudija Osnovnog suda u Podgorici i biv\u0161i predsjednik tog suda, i Sr\u0111an Vujovi\u0107, sudija Osnovnog suda na Cetinju). Novinar je onemogu\u0107en da radi svoj posao uz obrazlo\u017eenje da se prethodno nije najavio.<\/p>\n<p>Novinar lista Dan je bio jedini predstavnik javnosti koji je \u017eelio da prisustvuje sjednici.<\/p>\n<p><strong><em>\u201cIntervjuisanje kandidata za izbor sudije Vi\u0161eg suda u Podgorici je bio i doga\u0111aj od posebnog zna\u010daja za javnost, imaju\u0107i u vidu dosada\u0161nje zloupotrebe Sudskog savjeta u pogledu sprovo\u0111enja intervjua sa kandidatima za sudije, zbog kojih su HRA, MANS i IA u petak <a href=\"http:\/\/www.pcnen.com\/portal\/2019\/09\/13\/krivicna-prijava-protiv-clanova-a-sudskog-savjeta\/\">podnijeli i krivi\u010dnu prijavu protiv svih \u010dlanova i \u010dlanica Sudskog savjeta<\/a>, i koje su istaknute u najmanje tri tu\u017ebe kojima su u poslednjih godinu dana osporeni konkursi za izbor sudija\u201d, ocijenjeno je u reagovanju HRA.<\/em><\/strong><\/p>\n<p>HRA je navela da je Sudski savjet u aprilu ove godine sprije\u010dio javnost da prisustvuje sjednici na kojoj su intervjuisani kandidati za sudije Vrhovnog suda i predsjednike Apelacionog suda i Vi\u0161ih sudova u Podgorici i Bijelom Polju, pravdaju\u0107i to tehni\u010dkim nedostacima.<\/p>\n","protected":false},"excerpt":{"rendered":"<p>Novinaru lista Dan onemogu\u0107eno da radi svoj posao u intersu javnosti<\/p>\n","protected":false},"author":1,"featured_media":0,"comment_status":"open","ping_status":"closed","sticky":false,"template":"","format":"standard","meta":{"_seopress_robots_primary_cat":"","_seopress_titles_title":"","_seopress_titles_desc":"","_seopress_robots_index":"","_et_pb_use_builder":"","_et_pb_old_content":"","_et_gb_content_width":"","inline_featured_image":false,"footnotes":""},"categories":[14,12],"tags":[],"class_list":["post-273889","post","type-post","status-publish","format-standard","hentry","category-vijesti","category-prica-dana"],"_links":{"self":[{"href":"https:\/\/www.pcnen.com\/portal\/wp-json\/wp\/v2\/posts\/273889","targetHints":{"allow":["GET"]}}],"collection":[{"href":"https:\/\/www.pcnen.com\/portal\/wp-json\/wp\/v2\/posts"}],"about":[{"href":"https:\/\/www.pcnen.com\/portal\/wp-json\/wp\/v2\/types\/post"}],"author":[{"embeddable":true,"href":"https:\/\/www.pcnen.com\/portal\/wp-json\/wp\/v2\/users\/1"}],"replies":[{"embeddable":true,"href":"https:\/\/www.pcnen.com\/portal\/wp-json\/wp\/v2\/comments?post=273889"}],"version-history":[{"count":0,"href":"https:\/\/www.pcnen.com\/portal\/wp-json\/wp\/v2\/posts\/273889\/revisions"}],"wp:attachment":[{"href":"https:\/\/www.pcnen.com\/portal\/wp-json\/wp\/v2\/media?parent=273889"}],"wp:term":[{"taxonomy":"category","embeddable":true,"href":"https:\/\/www.pcnen.com\/portal\/wp-json\/wp\/v2\/categories?post=273889"},{"taxonomy":"post_tag","embeddable":true,"href":"https:\/\/www.pcnen.com\/portal\/wp-json\/wp\/v2\/tags?post=273889"}],"curies":[{"name":"wp","href":"https:\/\/api.w.org\/{rel}","templated":true}]}}