{"id":273840,"date":"2019-09-17T08:52:38","date_gmt":"2019-09-17T06:52:38","guid":{"rendered":"http:\/\/www.pcnen.com\/portal\/?p=273840"},"modified":"2019-09-17T09:08:30","modified_gmt":"2019-09-17T07:08:30","slug":"knezevic-objavio-dio-novog-snimka","status":"publish","type":"post","link":"https:\/\/www.pcnen.com\/portal\/2019\/09\/17\/knezevic-objavio-dio-novog-snimka\/","title":{"rendered":"Kne\u017eevi\u0107 objavio dio novog snimka"},"content":{"rendered":"<p>Predsjednik Atlas Grupe Du\u0161ko Kne\u017eevi\u0107 je objavio novi audio snimak, na kojem se \u010duje da navodno razgovara sa sekretarom Vrhovnog dr\u017eavnog tu\u017eila\u0161tva Nenadom Vujo\u0161evi\u0107em, koji je u <a href=\"http:\/\/www.pcnen.com\/portal\/2019\/09\/16\/vujosevic-napustio-cg\/\">me\u0111uvremenu napustio Crnu Goru.<\/a><\/p>\n<p>U pitanju je, kako je naveo, samo dio razgovora, koji \u0107e u cjelosti biti objavljen sjutra poslije podne.<\/p>\n<p>&#8220;Ako ga sud ne pu\u0161ti, on \u0107e ga pu\u0161tit, samo nemoj objavljivat danas i sjutra ni\u0161ta. On \u0107e ga u ponedjeljak pu\u0161tit&#8217;, ja ti se kunem. Ja sad ulazim direktno sa njim u pregovore, ja pregovaram, bez Ivice. Ja sam danas bio li\u010dno s njim, Lidija me zvala &#8211; do\u0111i, zove te Katni\u0107&#8221;, govori, navodno, Vujo\u0161evi\u0107 u razgovoru sa Kne\u017eevi\u0107em.<\/p>\n<p>Kne\u017eevi\u0107 je <a href=\"http:\/\/www.pcnen.com\/portal\/2019\/09\/16\/knezevic-katnic-i-vujosevic-se-sastali-prije-nekoliko-dana\/\">sino\u0107 kazao da se Vujo\u0161evi\u0107 prije n<\/a>ekoliko dana navodno sastao sa Katni\u0107em kako bi razgovarali o Kne\u017eevi\u0107evom kumu, Dejanu Sekuli\u0107u, koji je uhap\u0161en u avgustu.<\/p>\n<p>Vrhovni dr\u017eavni tu\u017eilac Ivica Stankovi\u0107 je ju\u010de na konferenciji za novinare <a href=\"http:\/\/www.pcnen.com\/portal\/2019\/09\/16\/stankovic-funkciju-sam-obavljao-casno-i-posteno\/\">dao izjavu u kojoj<\/a> je negirao sve optu\u017ebe Kne\u017eevi\u0107a i oti\u0161ao, izgovaraju\u0107i se ranije preuzetim obavezama.<\/p>\n<p>Kne\u017eevi\u0107 je na udaru crnogorskog pravosu\u0111a po vi\u0161e osnova, a nedavno mu je blokirana cjelokupna imovina u Crnoj Gori. On se nalazi u inostranstvu od kada je u\u0161ao u direktni sukob sa crnogorskom vla\u0161\u0107u, \u010diji je bio dugogodi\u0161nji saveznik. Otvoreni sukob je po\u010deo objavljivanjem video snmka na kome se vidi kako Kne\u017eevi\u0107 d<a href=\"http:\/\/www.pcnen.com\/portal\/2019\/01\/17\/brisel-trazi-istragu-afere-koverat\/\">aje koverat sa novcem<\/a> nekada\u0161njem gradona\u010delniku Podgorice Slavoljubu Migu Stijpovi\u0107u.<\/p>\n","protected":false},"excerpt":{"rendered":"<p>Na snimku navodno sekretar VDT Nenad Vujo\u0161evi\u0107 informi\u0161e Kne\u017eevi\u0107a da ulazi u direktne pregovore sa GST Katni\u0107em oko pu\u0161tanja iz pritvora Ke\u017eevi\u0107evog kuma<\/p>\n","protected":false},"author":1,"featured_media":273716,"comment_status":"open","ping_status":"closed","sticky":false,"template":"","format":"standard","meta":{"_seopress_robots_primary_cat":"","_seopress_titles_title":"","_seopress_titles_desc":"","_seopress_robots_index":"","_et_pb_use_builder":"","_et_pb_old_content":"","_et_gb_content_width":"","inline_featured_image":false,"footnotes":""},"categories":[14,12],"tags":[],"class_list":["post-273840","post","type-post","status-publish","format-standard","has-post-thumbnail","hentry","category-vijesti","category-prica-dana"],"_links":{"self":[{"href":"https:\/\/www.pcnen.com\/portal\/wp-json\/wp\/v2\/posts\/273840","targetHints":{"allow":["GET"]}}],"collection":[{"href":"https:\/\/www.pcnen.com\/portal\/wp-json\/wp\/v2\/posts"}],"about":[{"href":"https:\/\/www.pcnen.com\/portal\/wp-json\/wp\/v2\/types\/post"}],"author":[{"embeddable":true,"href":"https:\/\/www.pcnen.com\/portal\/wp-json\/wp\/v2\/users\/1"}],"replies":[{"embeddable":true,"href":"https:\/\/www.pcnen.com\/portal\/wp-json\/wp\/v2\/comments?post=273840"}],"version-history":[{"count":0,"href":"https:\/\/www.pcnen.com\/portal\/wp-json\/wp\/v2\/posts\/273840\/revisions"}],"wp:featuredmedia":[{"embeddable":true,"href":"https:\/\/www.pcnen.com\/portal\/wp-json\/wp\/v2\/media\/273716"}],"wp:attachment":[{"href":"https:\/\/www.pcnen.com\/portal\/wp-json\/wp\/v2\/media?parent=273840"}],"wp:term":[{"taxonomy":"category","embeddable":true,"href":"https:\/\/www.pcnen.com\/portal\/wp-json\/wp\/v2\/categories?post=273840"},{"taxonomy":"post_tag","embeddable":true,"href":"https:\/\/www.pcnen.com\/portal\/wp-json\/wp\/v2\/tags?post=273840"}],"curies":[{"name":"wp","href":"https:\/\/api.w.org\/{rel}","templated":true}]}}