{"id":273816,"date":"2019-09-16T20:04:59","date_gmt":"2019-09-16T18:04:59","guid":{"rendered":"http:\/\/www.pcnen.com\/portal\/?p=273816"},"modified":"2019-09-16T20:06:42","modified_gmt":"2019-09-16T18:06:42","slug":"knezevic-katnic-i-vujosevic-se-sastali-prije-nekoliko-dana","status":"publish","type":"post","link":"https:\/\/www.pcnen.com\/portal\/2019\/09\/16\/knezevic-katnic-i-vujosevic-se-sastali-prije-nekoliko-dana\/","title":{"rendered":"Kne\u017eevi\u0107: \u00a0Katni\u0107 i Vujo\u0161evi\u0107 se sastali prije nekoliko dana"},"content":{"rendered":"<p><iframe loading=\"lazy\" title=\"Dr Du\u0161ko Kne\u017eevi\u0107 A1 TV IZJAVA DANA 16. 09. 2019.\" width=\"1080\" height=\"608\" src=\"https:\/\/www.youtube.com\/embed\/18PYbNlpm3w?feature=oembed\" frameborder=\"0\" allow=\"accelerometer; autoplay; clipboard-write; encrypted-media; gyroscope; picture-in-picture; web-share\" allowfullscreen><\/iframe><\/p>\n<p>Predsjednik Atlas grupe Du\u0161ko Kne\u017eevi\u0107, tvrdi da su se sekretar Vrhovnog dr\u017eavnog tu\u017eila\u0161tva Nenad Vujo\u0161evi\u0107 i glavni specijalni tu\u017eilac Milivoje Katni\u0107 sastali prije nekoliko dana i da je sve \u0161to je Katni\u0107 danas kazao na pres konferenciji Tu\u017eila\u0161tva &#8220;\u010dista la\u017e&#8221;.<\/p>\n<p>Kako je kazao za TV A1, Katni\u0107 i Vujo\u0161evi\u0107 su se navodno sastali kako bi razgovarali oko Kne\u017eevi\u0107evog kuma Dejana Sekuli\u0107a, koji je uhap\u0161en u avgustu, jer je Kne\u017eevi\u0107 prijetio da \u0107e objaviti snimke &#8220;na kojima se vidi kako Nenad Vujo\u0161evi\u0107 uzima pare za tu\u017eioce i za ljude korumpirane u sistemu Vrhovnog dr\u017eavnog tu\u017eila\u0161tva.&#8221;<\/p>\n<p>&#8220;Ja \u0107u ve\u0107 ve\u010deras ili sjutra objaviti \u0161ta je tema razgovora bila i sa Lidijom Vuk\u010devi\u0107 i sa Katni\u0107em i sa ovim, u dodatnom razgovoru broj dva, koji \u0107e sjutra ujutru biti objavljen. Crnogorskoj javnosti i svima, i politi\u010dkoj javnosti, \u0107e biti potpuno jasno o \u010demu se radi u Crnoj Gori, da je to jedan truli sistem, da je to sistem koji se raspada iznutra&#8221;, kazao je Kne\u017eevi\u0107.<\/p>\n<p>On tvrdi da ima &#8220;dosta snimaka i sa drugim ljudima iz Agencije za nacionalnu bezbjednost i specijalnog policijskog tima.&#8221;<\/p>\n<p>&#8220;Pa \u0107emo da vidimo kako \u0107e da se nosimo sa kriminalnom grupom Mila \u0110ukanovi\u0107a, a i spremio sam dosta papira koji se ti\u010du statusa kako je Crna Gora dobila nezavisnost, pa \u0107emo da vidimo do odre\u0111ene mjere, koliko se oni budu pona\u0161ali kriminalno prema meni, ja \u0107u jo\u0161 vi\u0161e iznositi dokaze o njihovoj umije\u0161anosti u kriminalne rade i u njihovim nezakonskim radnjama koje v\u0107e godinama sprovode i ve\u0107 tri godine reketiraju na\u0161e klijente koji su dr\u017eali novac u Atlas i Invest banci, i koji su radili e-komerc&#8221;, navodi Kne\u017eevi\u0107.<\/p>\n<p>On je optu\u017eio Katni\u0107a da poku\u0161ava da &#8220;napravi neki prljavi dil da bi izvukao pare od e-komerca&#8221;, ali \u0107e to, kako je rekao, sa\u010duvati &#8220;za neku drugu priliku&#8221;, <a href=\"https:\/\/www.vijesti.me\/vijesti\/crna-hronika\/knezevic-katnic-i-vujosevic-se-sastali-prije-nekoliko-dana\">prenosi portal Vijesti.<\/a><\/p>\n<p>&#8220;Znate, imam jake timove ljudi koji rade za mene, koji mi dostavljaju informacije. Ima puno ljudi u Crnoj Gori koji prelaze na drugu stranu i koji mi dostavljaju informacije \u0161ta se de\u0161ava u Crnoj Gori, okru\u017eenju Mila \u0110ukanovi\u0107a&#8230; \u0160ta se de\u0161ava, recimo, u Ministarstvu za urbanizam, Ministarstvu finansija, Centralnoj banci&#8230; jer su ljudi svjesni da \u0107e do\u0107i do promjena, velike pobune naroda i onda svako poku\u0161ava da spasi sebe, jer onaj ko nije u\u010destvovao u tim kriminalnim radnjama ne \u017eeli da dijeli njihovu sudbinu&#8221;, rekao je Kne\u017eevi\u0107.<\/p>\n<p>On je pozvao Katni\u0107a da otvori istrage, ali i kazao da ne o\u010dekuje da \u0107e Glavni specijalni tu\u017eilac to u\u010diniti, &#8220;kao \u0161to nije radio ni u slu\u010daju poreske mafije&#8221;.<\/p>\n<p>&#8220;Samo je i\u0161ao na neke pojedina\u010dne sporazume, da bi zatrpao tu veliku plja\u010dku bud\u017eeta, koja je nezapam\u0107ena u Evropi, da je fiktivnim fakturama toliko pokraden bud\u017eet&#8221;.<\/p>\n<p>Kne\u017eevi\u0107 je kazao da je njemu (Vujo\u0161evi\u0107u) predlo\u017eio &#8220;da pobjegne iz zemlje i da bude insajder, da objasni svu korupciju koja se de\u0161ava u Vrhovnom dr\u017eavnom tu\u017eila\u0161tvu, koji su tu\u017eioci uklju\u010deni u to, jer jedino tako mo\u017ee da se spasi&#8221;.<\/p>\n<p>&#8220;Ja sam mu rekao da, kad do\u0111e nova vlast, da \u0107e da bude slavljen kao heroj, neko ko je pomogao da se raskrinka koruptivni sistem u Crnoj Gori, a ne da ga Katni\u0107 razvla\u010di i da ga maltretira tamo kao nekoga ko je progovorio i koga ho\u0107e da \u017ertvuju&#8221;, rekao je Kne\u017eevi\u0107 za televiziju A1.<\/p>\n","protected":false},"excerpt":{"rendered":"<p>Razgovoru broj dva \u0107e sjutra ujutro biti objavljen<\/p>\n","protected":false},"author":1,"featured_media":0,"comment_status":"open","ping_status":"closed","sticky":false,"template":"","format":"standard","meta":{"_seopress_robots_primary_cat":"","_seopress_titles_title":"","_seopress_titles_desc":"","_seopress_robots_index":"","_et_pb_use_builder":"","_et_pb_old_content":"","_et_gb_content_width":"","inline_featured_image":false,"footnotes":""},"categories":[14],"tags":[],"class_list":["post-273816","post","type-post","status-publish","format-standard","hentry","category-vijesti"],"_links":{"self":[{"href":"https:\/\/www.pcnen.com\/portal\/wp-json\/wp\/v2\/posts\/273816","targetHints":{"allow":["GET"]}}],"collection":[{"href":"https:\/\/www.pcnen.com\/portal\/wp-json\/wp\/v2\/posts"}],"about":[{"href":"https:\/\/www.pcnen.com\/portal\/wp-json\/wp\/v2\/types\/post"}],"author":[{"embeddable":true,"href":"https:\/\/www.pcnen.com\/portal\/wp-json\/wp\/v2\/users\/1"}],"replies":[{"embeddable":true,"href":"https:\/\/www.pcnen.com\/portal\/wp-json\/wp\/v2\/comments?post=273816"}],"version-history":[{"count":0,"href":"https:\/\/www.pcnen.com\/portal\/wp-json\/wp\/v2\/posts\/273816\/revisions"}],"wp:attachment":[{"href":"https:\/\/www.pcnen.com\/portal\/wp-json\/wp\/v2\/media?parent=273816"}],"wp:term":[{"taxonomy":"category","embeddable":true,"href":"https:\/\/www.pcnen.com\/portal\/wp-json\/wp\/v2\/categories?post=273816"},{"taxonomy":"post_tag","embeddable":true,"href":"https:\/\/www.pcnen.com\/portal\/wp-json\/wp\/v2\/tags?post=273816"}],"curies":[{"name":"wp","href":"https:\/\/api.w.org\/{rel}","templated":true}]}}