{"id":273787,"date":"2019-09-16T14:00:10","date_gmt":"2019-09-16T12:00:10","guid":{"rendered":"http:\/\/www.pcnen.com\/portal\/?p=273787"},"modified":"2019-09-16T14:30:05","modified_gmt":"2019-09-16T12:30:05","slug":"vujosevic-napustio-cg","status":"publish","type":"post","link":"https:\/\/www.pcnen.com\/portal\/2019\/09\/16\/vujosevic-napustio-cg\/","title":{"rendered":"Vujo\u0161evi\u0107 napustio CG"},"content":{"rendered":"<p>Sekretar Vrhovnog dr\u017eavnog tu\u017eila\u0161tva Nenad Vujo\u0161evi\u0107 napustio je u petak Crnu Goru, saznaje TV Vijesti.<\/p>\n<p>Izvori Televizije navode da je Vujo\u0161evi\u0107 iz zemlje iza\u0161ao na grani\u010dnom prelazu Dra\u010denovac.<\/p>\n<p>Specijalni dr\u017eavni tu\u017eilac Milivoje Katni\u0107 je na pres konferenciji rekao da Vujo\u0161evi\u0107 nije bio pod mjerama koje ga mogu sprije\u010diti da putuje i potvrdio da se nalazi u inostranstvu.<\/p>\n<p>Dragan Radonji\u0107 iz Specijalnog policijskog tima je kazao da je Vujo\u0161evi\u0107 napustio Crnu Goru 13. septembra u ranim jutarnjim \u010dasovima.<\/p>\n<p>Biznismen Du\u0161ko Kne\u017eevi\u0107 tvrdi da je preko njega davao novac vrhovnom dr\u017eavnom tu\u017eiocu Ivici Stankovi\u0107u, da se radi o stotinama hiljada eura i da se Stankovi\u0107 obavezao da navodno ne\u0107e progoniti odre\u0111ene inostrane klijente Atlas banke koji su koristili njen e-commerce servis.<\/p>\n<p>Kne\u017eevi\u0107 je Vijestima rekao da se r<a href=\"http:\/\/www.pcnen.com\/portal\/2019\/09\/16\/knezevic-stankovicu-sam-poslao-700-800-hiljada-eura\/\">adi o 700-800 hiljada eura<\/a> i da je Vujo\u0161evi\u0107u novac davao u posljednje tri godine.<\/p>\n<p>Stankovi\u0107 je sino\u0107 za TV Vijesti <a href=\"http:\/\/www.pcnen.com\/portal\/2019\/09\/15\/stankovic-negira-optuzbe\/\">negirao sve optu\u017ebe i pozvao<\/a> nadle\u017ene organe da preduzmu sve neophodne korake kako bi se utvrdila puna istina u ovom slu\u010daju. \u201cNa ovakvoj re\u017eiji pozavidjeli bi svi svjetski re\u017eiseri\u201d, poru\u010dio je Stankovi\u0107.<\/p>\n","protected":false},"excerpt":{"rendered":"<p>Izvori TV navode da je Vujo\u0161evi\u0107 iz zemlje iza\u0161ao na grani\u010dnom prelazu Dra\u010denovac<\/p>\n","protected":false},"author":1,"featured_media":273716,"comment_status":"open","ping_status":"closed","sticky":false,"template":"","format":"standard","meta":{"_seopress_robots_primary_cat":"","_seopress_titles_title":"","_seopress_titles_desc":"","_seopress_robots_index":"","_et_pb_use_builder":"","_et_pb_old_content":"","_et_gb_content_width":"","inline_featured_image":false,"footnotes":""},"categories":[14,12],"tags":[],"class_list":["post-273787","post","type-post","status-publish","format-standard","has-post-thumbnail","hentry","category-vijesti","category-prica-dana"],"_links":{"self":[{"href":"https:\/\/www.pcnen.com\/portal\/wp-json\/wp\/v2\/posts\/273787","targetHints":{"allow":["GET"]}}],"collection":[{"href":"https:\/\/www.pcnen.com\/portal\/wp-json\/wp\/v2\/posts"}],"about":[{"href":"https:\/\/www.pcnen.com\/portal\/wp-json\/wp\/v2\/types\/post"}],"author":[{"embeddable":true,"href":"https:\/\/www.pcnen.com\/portal\/wp-json\/wp\/v2\/users\/1"}],"replies":[{"embeddable":true,"href":"https:\/\/www.pcnen.com\/portal\/wp-json\/wp\/v2\/comments?post=273787"}],"version-history":[{"count":0,"href":"https:\/\/www.pcnen.com\/portal\/wp-json\/wp\/v2\/posts\/273787\/revisions"}],"wp:featuredmedia":[{"embeddable":true,"href":"https:\/\/www.pcnen.com\/portal\/wp-json\/wp\/v2\/media\/273716"}],"wp:attachment":[{"href":"https:\/\/www.pcnen.com\/portal\/wp-json\/wp\/v2\/media?parent=273787"}],"wp:term":[{"taxonomy":"category","embeddable":true,"href":"https:\/\/www.pcnen.com\/portal\/wp-json\/wp\/v2\/categories?post=273787"},{"taxonomy":"post_tag","embeddable":true,"href":"https:\/\/www.pcnen.com\/portal\/wp-json\/wp\/v2\/tags?post=273787"}],"curies":[{"name":"wp","href":"https:\/\/api.w.org\/{rel}","templated":true}]}}