{"id":27372,"date":"2008-12-13T13:38:03","date_gmt":"2008-12-13T13:38:03","guid":{"rendered":"http:\/\/www.pcnen.com\/portal\/?p=27372"},"modified":"2008-12-13T13:38:03","modified_gmt":"2008-12-13T13:38:03","slug":"rocen-aplikacija-plod-dogovora-sa-evropskim-partnerima","status":"publish","type":"post","link":"https:\/\/www.pcnen.com\/portal\/2008\/12\/13\/rocen-aplikacija-plod-dogovora-sa-evropskim-partnerima\/","title":{"rendered":"Ro\u0107en: Aplikacija plod dogovora sa evropskim partnerima"},"content":{"rendered":"<p>On je agenciji <em>Mina<\/em> rekao da je za ponedjeljak u Parizu predvi\u0111en susret crnogorskog premijera Mila \u0110ukanovi\u0107a i predsjednika Francuske Nikole Sarkozija, \u010dija zemlja predsjedava EU. <\/p>\n<p>&quot;Pored \u0110ukanovi\u0107a, zahtjev \u0107e potpisati predsjednik Crne Gore Filip Vujanovi\u0107 i predsjednik Skup&scaron;tine Ranko Krivokapi\u0107&quot;, kazao je Ro\u0107en. <\/p>\n<p>On je rekao da je jedan od va\u017enih razloga za aplikaciju svakako i otpo\u010dinjanje formalne procedure za dalje napredovanje Crne Gore na putu evropskih integracija. <\/p>\n<p>&quot;Jer, bez tog tehni\u010dkog \u010dina nijesu mogu\u0107e procedure koje slijede. Vrijeme kada su predstavnici Francuske i nekih drugih zemalja sugerisali da sa\u010dekamo sa aplikacijom, sada je iza nas&quot;, kazao je Ro\u0107en. <\/p>\n<p>Ali, naveo je on, te sugestije nijesu bile zbog toga &scaron;to je neko smatrao da Crna Gora nije spremna za taj korak. <\/p>\n","protected":false},"excerpt":{"rendered":"<p>Crna Gora je u dogovoru sa evropskim partnerima odlu\u010dila da zahtjev za \u010dlanstvo u Evropskoj uniji podnese za vrijeme francuskog predsjedavanja, kazao je crnogorski ministar inostranih poslova Milan Ro\u0107en. <\/p>\n","protected":false},"author":1,"featured_media":0,"comment_status":"open","ping_status":"closed","sticky":false,"template":"","format":"standard","meta":{"_seopress_robots_primary_cat":"","_seopress_titles_title":"","_seopress_titles_desc":"","_seopress_robots_index":"","_et_pb_use_builder":"","_et_pb_old_content":"","_et_gb_content_width":"","inline_featured_image":false,"footnotes":""},"categories":[14],"tags":[],"class_list":["post-27372","post","type-post","status-publish","format-standard","hentry","category-vijesti"],"_links":{"self":[{"href":"https:\/\/www.pcnen.com\/portal\/wp-json\/wp\/v2\/posts\/27372","targetHints":{"allow":["GET"]}}],"collection":[{"href":"https:\/\/www.pcnen.com\/portal\/wp-json\/wp\/v2\/posts"}],"about":[{"href":"https:\/\/www.pcnen.com\/portal\/wp-json\/wp\/v2\/types\/post"}],"author":[{"embeddable":true,"href":"https:\/\/www.pcnen.com\/portal\/wp-json\/wp\/v2\/users\/1"}],"replies":[{"embeddable":true,"href":"https:\/\/www.pcnen.com\/portal\/wp-json\/wp\/v2\/comments?post=27372"}],"version-history":[{"count":0,"href":"https:\/\/www.pcnen.com\/portal\/wp-json\/wp\/v2\/posts\/27372\/revisions"}],"wp:attachment":[{"href":"https:\/\/www.pcnen.com\/portal\/wp-json\/wp\/v2\/media?parent=27372"}],"wp:term":[{"taxonomy":"category","embeddable":true,"href":"https:\/\/www.pcnen.com\/portal\/wp-json\/wp\/v2\/categories?post=27372"},{"taxonomy":"post_tag","embeddable":true,"href":"https:\/\/www.pcnen.com\/portal\/wp-json\/wp\/v2\/tags?post=27372"}],"curies":[{"name":"wp","href":"https:\/\/api.w.org\/{rel}","templated":true}]}}