{"id":273622,"date":"2019-09-14T17:55:14","date_gmt":"2019-09-14T15:55:14","guid":{"rendered":"http:\/\/www.pcnen.com\/portal\/?p=273622"},"modified":"2019-09-14T18:22:14","modified_gmt":"2019-09-14T16:22:14","slug":"pronaden-izgubljeni-kontinent-ispod-balkana","status":"publish","type":"post","link":"https:\/\/www.pcnen.com\/portal\/2019\/09\/14\/pronaden-izgubljeni-kontinent-ispod-balkana\/","title":{"rendered":"Izgubljeni kontinent ispod Balkana"},"content":{"rendered":"<p>Ugledni \u010dasopis Science je objavio \u010dlanak o kontinentu nastalom prije vi\u0161e od 100 miliona godina, koji su nau\u010dnici nazvali Velika Adrija (Greater Adria), a koji se prostirao dana\u0161njim prostorom od Alpa sve do Irana.<\/p>\n<p>Kontinent je u velikim tektonskim pomjeranjima potonuo, a najve\u0107im dijelom nalazio se na prostoru dana\u0161nje ju\u017ene Evrope. Pojednostavljeno, izgubljeni kontinent Velika Adrija (ili Veliki Jadran) nalazi se duboko ispod Balkana.<\/p>\n<p>Velika Adrija je, kako tvrde stru\u010dnjaci, formirana prije gotovo \u010detvrt milijarde godina kada se odvojila od ju\u017enog superkontinenta Gondvane, koji je tada na okupu dr\u017eao dana\u0161nju Afriku, Ju\u017enu Ameriku, Antarktik, Australiju, Indijski potkontinent i Arapsko poluostrvo, <a href=\"https:\/\/www.b92.net\/zivot\/vesti.php?yyyy=2019&amp;mm=09&amp;dd=13&amp;nav_id=1591030\">prenosi B92.<\/a><\/p>\n<p>Taj praistorijski kontinent je obuhvatao podru\u010dja tridesetak dana\u0161njih zemalja, od \u0160panije do Irana. Ve\u0107inom je bio pod vodom iz koje je \u0161tr\u010dao niz ogromnih stijena, odnosno ostrva, tvrdi Douve van Hinsbergen, \u0161ef Katedre za paleogeografiju i globalnu tektoniku sa Odeljenja za geologiju Univerziteta u Utrehtu u Holandiji.<\/p>\n<p>&#8220;Mediteranska regija je jednostavno &#8211; geolo\u0161ki nered. Sve je zakrivljeno, razlomljeno i razbacano&#8221;, rekao je Van Hinsbergen za \u010dasopis Science.<\/p>\n<p>Velika Adrija, po njegovom tuma\u010denju, bila je dio afri\u010dke tektonske plo\u010de, da bi prije stotinu miliona godina po\u010delo njeno &#8220;klizanje&#8221; i podvla\u010denje pod evroazijsku tektonsku plo\u010du, odnosno pod dana\u0161nju ju\u017enu Evropu.<\/p>\n","protected":false},"excerpt":{"rendered":"<p>Praistorijski kontinent je obuhvatao podru\u010dja od \u0160panije do Irana.<\/p>\n","protected":false},"author":1,"featured_media":273627,"comment_status":"open","ping_status":"closed","sticky":false,"template":"","format":"standard","meta":{"_seopress_robots_primary_cat":"","_seopress_titles_title":"","_seopress_titles_desc":"","_seopress_robots_index":"","_et_pb_use_builder":"","_et_pb_old_content":"","_et_gb_content_width":"","inline_featured_image":false,"footnotes":""},"categories":[14,12],"tags":[],"class_list":["post-273622","post","type-post","status-publish","format-standard","has-post-thumbnail","hentry","category-vijesti","category-prica-dana"],"_links":{"self":[{"href":"https:\/\/www.pcnen.com\/portal\/wp-json\/wp\/v2\/posts\/273622","targetHints":{"allow":["GET"]}}],"collection":[{"href":"https:\/\/www.pcnen.com\/portal\/wp-json\/wp\/v2\/posts"}],"about":[{"href":"https:\/\/www.pcnen.com\/portal\/wp-json\/wp\/v2\/types\/post"}],"author":[{"embeddable":true,"href":"https:\/\/www.pcnen.com\/portal\/wp-json\/wp\/v2\/users\/1"}],"replies":[{"embeddable":true,"href":"https:\/\/www.pcnen.com\/portal\/wp-json\/wp\/v2\/comments?post=273622"}],"version-history":[{"count":0,"href":"https:\/\/www.pcnen.com\/portal\/wp-json\/wp\/v2\/posts\/273622\/revisions"}],"wp:featuredmedia":[{"embeddable":true,"href":"https:\/\/www.pcnen.com\/portal\/wp-json\/wp\/v2\/media\/273627"}],"wp:attachment":[{"href":"https:\/\/www.pcnen.com\/portal\/wp-json\/wp\/v2\/media?parent=273622"}],"wp:term":[{"taxonomy":"category","embeddable":true,"href":"https:\/\/www.pcnen.com\/portal\/wp-json\/wp\/v2\/categories?post=273622"},{"taxonomy":"post_tag","embeddable":true,"href":"https:\/\/www.pcnen.com\/portal\/wp-json\/wp\/v2\/tags?post=273622"}],"curies":[{"name":"wp","href":"https:\/\/api.w.org\/{rel}","templated":true}]}}