{"id":273501,"date":"2019-09-12T20:14:40","date_gmt":"2019-09-12T18:14:40","guid":{"rendered":"http:\/\/www.pcnen.com\/portal\/?p=273501"},"modified":"2019-09-12T20:31:32","modified_gmt":"2019-09-12T18:31:32","slug":"albanija-bez-adekvatnog-odgovora-oko-cijevne","status":"publish","type":"post","link":"https:\/\/www.pcnen.com\/portal\/2019\/09\/12\/albanija-bez-adekvatnog-odgovora-oko-cijevne\/","title":{"rendered":"Albanija lo\u0161e odgovorila za Cijevnu"},"content":{"rendered":"<p>Vlada Cne Gore je danas konstatovala da nadle\u017eni organi Republike Albanije nijesu blagovremeno, adekvatno ni argumentovano odgovorili na zahtjeve Crne Gore o izja\u0161njenju o mogu\u0107em prekograni\u010dnom uticaju projekta izgradnje malih hidroelektrana na rijeci Cijevni u Republici Albaniji.<\/p>\n<p>Kako je saop\u0161teno, \u201ciskazana je odlu\u010dnost da Crna Gora, nastavljaju\u0107i da njeguje prijateljske i dobrosusjedske odnose kao jedan od temelja na\u0161e vanjske politike, dodatno pokrene sve raspolo\u017eive mehanizme definisane me\u0111unarodnim konvencijama, direktivama i protokolima koji su obavezuju\u0107i za sve dr\u017eave potpisnice ovih me\u0111unarodnih akata i koje na do kraja jasan na\u010din ure\u0111uju me\u0111unarodne vodne odnose\u201d.<\/p>\n<p>Zaklju\u010deno je da ova tema bude aktuelizovana na predstoje\u0107oj sjednici Me\u0111udr\u017eavne komisije Crne Gore i Republike Albanije za saradnju u vodoprivredi koja je zakazana za 19. septembar.<\/p>\n<p>\u201cTokom rasprave iskazana je opredijeljenost Crne Gore za po\u0161tovanje svih standarda u upravljanju vodama kako sa aspekta potencijalne izgradnje novih energetskih kapaciteta tako i sa aspekta valorizacije vodnih resursa koji pripadaju Crnoj Gori, a koji su du\u017ei niz godina u funkciji proizvodnje elektri\u010dne energije u susjednoj Bosni i Hercegovini\u201d, navedeno je u saop\u0161tenju.<\/p>\n<p>Vlada je danas za \u010dlana Crnogorske komisije za saradnju sa Republikom Albanijom u vodoprivrednim odnosima imenovala dr\u017eavnog sekretara Ministarstva odr\u017eivog razvoja i turizma Sa\u0161u Radulovi\u0107a, umjesto preminulog \u010dlana prof. dr Mi\u0107ka Radulovi\u0107a. Za \u010dlanicu Komisije imenovana je i Nata\u0161a Kova\u010devi\u0107, izvr\u0161na direktorica NVO Green Home.<\/p>\n","protected":false},"excerpt":{"rendered":"<p>Ova tema bi\u0107e aktuelizovana na predstoje\u0107oj sjednici Me\u0111udr\u017eavne komisije Crne Gore i Albanije za saradnju u vodoprivredi.<\/p>\n","protected":false},"author":1,"featured_media":0,"comment_status":"open","ping_status":"closed","sticky":false,"template":"","format":"standard","meta":{"_seopress_robots_primary_cat":"","_seopress_titles_title":"","_seopress_titles_desc":"","_seopress_robots_index":"","_et_pb_use_builder":"","_et_pb_old_content":"","_et_gb_content_width":"","inline_featured_image":false,"footnotes":""},"categories":[14,12],"tags":[],"class_list":["post-273501","post","type-post","status-publish","format-standard","hentry","category-vijesti","category-prica-dana"],"_links":{"self":[{"href":"https:\/\/www.pcnen.com\/portal\/wp-json\/wp\/v2\/posts\/273501","targetHints":{"allow":["GET"]}}],"collection":[{"href":"https:\/\/www.pcnen.com\/portal\/wp-json\/wp\/v2\/posts"}],"about":[{"href":"https:\/\/www.pcnen.com\/portal\/wp-json\/wp\/v2\/types\/post"}],"author":[{"embeddable":true,"href":"https:\/\/www.pcnen.com\/portal\/wp-json\/wp\/v2\/users\/1"}],"replies":[{"embeddable":true,"href":"https:\/\/www.pcnen.com\/portal\/wp-json\/wp\/v2\/comments?post=273501"}],"version-history":[{"count":0,"href":"https:\/\/www.pcnen.com\/portal\/wp-json\/wp\/v2\/posts\/273501\/revisions"}],"wp:attachment":[{"href":"https:\/\/www.pcnen.com\/portal\/wp-json\/wp\/v2\/media?parent=273501"}],"wp:term":[{"taxonomy":"category","embeddable":true,"href":"https:\/\/www.pcnen.com\/portal\/wp-json\/wp\/v2\/categories?post=273501"},{"taxonomy":"post_tag","embeddable":true,"href":"https:\/\/www.pcnen.com\/portal\/wp-json\/wp\/v2\/tags?post=273501"}],"curies":[{"name":"wp","href":"https:\/\/api.w.org\/{rel}","templated":true}]}}