{"id":273466,"date":"2019-09-12T11:32:35","date_gmt":"2019-09-12T09:32:35","guid":{"rendered":"http:\/\/www.pcnen.com\/portal\/?p=273466"},"modified":"2019-09-12T18:03:51","modified_gmt":"2019-09-12T16:03:51","slug":"sloboda-izrazavanja-preduslov-za-napredak-na-putu-ka-eu","status":"publish","type":"post","link":"https:\/\/www.pcnen.com\/portal\/2019\/09\/12\/sloboda-izrazavanja-preduslov-za-napredak-na-putu-ka-eu\/","title":{"rendered":"Sloboda izra\u017eavanja preduslov za napredak ka EU"},"content":{"rendered":"<p>Garantovanje slobode izra\u017eavanja preduslov je za napredak na putu ka Evropskoj uniji, ocijenio je generalni direktor za politiku susjedstva i pregovore o pro\u0161irenju Kristijan Danielson i dodao da se o slobodi izra\u017eavanja i medija ne mo\u017ee pregovarati.<\/p>\n<p>On je rekao da mu je zadovoljstvo \u0161to otvara tre\u0107e Dane medija i dodao da \u0107e tokom dva dana pa\u017enja biti usmjerena na stanje slobode medija i odr\u017eivost nezavisnih medija u region.<\/p>\n<p>Prema njegovim rije\u010dima, Dani medija EU-Zapadni Balkan pokrenuti su prije tri godine s dva glavna cilja: da podijele veliku zabrinutosti u vezi s politi\u010dkim i drugim pritiscima s kojima se susre\u0107u mediji i novinari i vodi profesionalnu raspravu orijentisanu na budu\u0107nost, prenosi Mina.<\/p>\n<p>Danielson je rekao da je sloboda izra\u017eavanja i medija izuzetno va\u017ena sloboda govora i fundametalno pravo svakog gra\u0111anina Evrope.<\/p>\n<p>Prema njegovim rije\u010dima, sloboda izra\u017eavanja i medija dio su temelja na kojima je izgra\u0111ena Unija.<\/p>\n<p>\u201cGarantovanje slobode izra\u017eavanja preduslov je za napredak na putu ka EU i za \u010dlanstvo. Sloboda izra\u017eavanja i medija ne mo\u017ee se pregovarati\u201d, naglasio je Danielson.<\/p>\n<p>Kako je istakao, rad na unaprje\u0111enju medijskih sloboda na Zapadnom Balkanu va\u017ean je za integraciju regiona.<\/p>\n<p>\u201cNezavisni i kvalitetni mediji su klju\u010dni za ostvarivanje osnovnih sloboda i nadgledanje rada Vlada, zato moramo da branimo nezavisno novinarstvo\u201d, poru\u010dio je Danielson.<\/p>\n<p>Danielson je istakao da je sloboda medija bezuslovna za dr\u017eave koje ho\u0107e u EU.<\/p>\n<p>\u201cVrijeme je da na\u0161i partneri sa Zapadnog Balkana krenu u ozbiljne reforme u svom medijskom sektoru i poka\u017eu posve\u0107enost evropskim vrijednosti i standardim\u201d, poru\u010dio je Danielson.<\/p>\n<p>On je podsjetio da je za period 2014-2020, EU razvila dugoro\u010dni strate\u0161ki pristup kako bi podr\u017eala slobodu medija na Zapadnim Balkanima sa oko 20 miliona eura. Programi su namijenjeni za podr\u0161ku slobodi izra\u017eavanja i neovisnim medijima.<\/p>\n<p>Odlaze\u0107i komesar za evropsko pro\u0161irenje i susjedsku politiku Johanes Han kazao je u video obra\u0107anju da su medijske slobode pod prijetnjom, ne samo na Zapadnom Balkanu, ve\u0107 \u0161irom svijeta.<\/p>\n<p>On je kazao da sloboda medija u \u201csrcu\u201d Strategije za Zapadni Balkan.<\/p>\n<p>\u201cSloboda medija je klju\u010dni element vladavine prava i va\u017ean pokreta\u010d demokratskog, transformacijskog procesa. Ne\u0107e biti napretka na putu ka EU bez slobode medija i i izra\u017eavanja\u201d, poru\u010dio je Han.<\/p>\n<p>Prema njegovim rije\u010dima, uticaj na tranzicijske dr\u017eave, poput onih na Zapadnom Balkanu, je \u0161tetniji, s obzirom na krhkost procesa transformacije.<\/p>\n<p>\u201cZato smo slobodu medija postavili kao klju\u010dni element vladavine prava u sredi\u0161te na\u0161e strategije Zapadnog Balkana\u201d, naveo je Han.<\/p>\n<p>On je kazao da ne mo\u017ee biti napretka na putu prema Evropskoj uniji bez za\u0161tite medijske slobode i slobode izra\u017eavanja.<\/p>\n<p>\u201cTo je razlog zbog kojeg zapo\u010dinjemo i zavr\u0161avamo proces pridru\u017eivanja s poglavljima 23 i 24 o vladavini zakona. Novinarima moraju biti omogu\u0107eni pristojni i profesionalni uslovi za nezavisno obavljanje svog posla i bez prijetnji i napada\u201d, rekao je Han.<\/p>\n<p>Ministar kulture Aleksandar Bogdanovi\u0107 poru\u010dio je da su visoki eti\u010dki principi i samoregulacija izuzetno va\u017eni i da su mediji najbolji kontrolori vlasti onda kada su nezavisni.<\/p>\n<p>On je istakao da nijedan slu\u010daj napada na novinare i njihovu imovinu ne smije biti arhiviran.<\/p>\n","protected":false},"excerpt":{"rendered":"<p>Dani medija EU-Zapadni Balkan pokrenuti su prije tri godine.<\/p>\n","protected":false},"author":1,"featured_media":0,"comment_status":"open","ping_status":"closed","sticky":false,"template":"","format":"standard","meta":{"_seopress_robots_primary_cat":"","_seopress_titles_title":"","_seopress_titles_desc":"","_seopress_robots_index":"","_et_pb_use_builder":"","_et_pb_old_content":"","_et_gb_content_width":"","inline_featured_image":false,"footnotes":""},"categories":[14,12],"tags":[],"class_list":["post-273466","post","type-post","status-publish","format-standard","hentry","category-vijesti","category-prica-dana"],"_links":{"self":[{"href":"https:\/\/www.pcnen.com\/portal\/wp-json\/wp\/v2\/posts\/273466","targetHints":{"allow":["GET"]}}],"collection":[{"href":"https:\/\/www.pcnen.com\/portal\/wp-json\/wp\/v2\/posts"}],"about":[{"href":"https:\/\/www.pcnen.com\/portal\/wp-json\/wp\/v2\/types\/post"}],"author":[{"embeddable":true,"href":"https:\/\/www.pcnen.com\/portal\/wp-json\/wp\/v2\/users\/1"}],"replies":[{"embeddable":true,"href":"https:\/\/www.pcnen.com\/portal\/wp-json\/wp\/v2\/comments?post=273466"}],"version-history":[{"count":0,"href":"https:\/\/www.pcnen.com\/portal\/wp-json\/wp\/v2\/posts\/273466\/revisions"}],"wp:attachment":[{"href":"https:\/\/www.pcnen.com\/portal\/wp-json\/wp\/v2\/media?parent=273466"}],"wp:term":[{"taxonomy":"category","embeddable":true,"href":"https:\/\/www.pcnen.com\/portal\/wp-json\/wp\/v2\/categories?post=273466"},{"taxonomy":"post_tag","embeddable":true,"href":"https:\/\/www.pcnen.com\/portal\/wp-json\/wp\/v2\/tags?post=273466"}],"curies":[{"name":"wp","href":"https:\/\/api.w.org\/{rel}","templated":true}]}}