{"id":273451,"date":"2019-09-12T09:37:22","date_gmt":"2019-09-12T07:37:22","guid":{"rendered":"http:\/\/www.pcnen.com\/portal\/?p=273451"},"modified":"2019-09-12T09:39:42","modified_gmt":"2019-09-12T07:39:42","slug":"han-pitacemo-za-dodjelu-stanova-te-prakse-nema-u-eu","status":"publish","type":"post","link":"https:\/\/www.pcnen.com\/portal\/2019\/09\/12\/han-pitacemo-za-dodjelu-stanova-te-prakse-nema-u-eu\/","title":{"rendered":"Han: Pita\u0107emo za dodjelu stanova, te prakse nema u EU"},"content":{"rendered":"<p>Evropska komisija (EK) \u0107e pokrenuti <a href=\"http:\/\/www.pcnen.com\/portal\/2019\/08\/10\/objavljena-imena-funkcionera-koji-su-dobili-stanove-i-kredite\/\">pitanje dodjele stanova j<\/a>avnim funkcionerima u Crnoj Gori i takva praksa ne postoji ni u jednoj \u010dlanici Evropske unije (EU), poru\u010dio je<a href=\"https:\/\/www.vijesti.me\/vijesti\/politika\/han-pitacemo-za-dodjelu-stanova-te-prakse-nema-u-eu\"> u intervjuu za Vijesti<\/a> odlaze\u0107i komesar za pro\u0161irenje i susjedsku politiku i vjerovatno budu\u0107i komesar za bud\u017eet i ljudske resurse Johanes Han.<\/p>\n<p>&#8220;Pokrenu\u0107emo ovo pitanje sa va\u0161im vlastima. Nije mi poznato da takva praksa postoji u bilo kojoj \u010dlanici EU. To nije kompatibilno sa principima javne administracije kojima su se dr\u017eave u procesu pro\u0161irenja obavezale i pokre\u0107e bitna pitanja koja idu u sr\u017e vladavine prava&#8221;, rekao je Han.<\/p>\n<p>Han je kazao da rezultati ne mogu uvijek do\u0107i preko no\u0107i i da kod nekih pitanja, kakvo je izborna reforma, odgovornost nije samo na Vladi, ali i da je EK od crnogorskih vlasti o\u010dekivala odva\u017eniju reakciju na preporuke iz EU.<\/p>\n<p>Evropski komesar ka\u017ee da poglavlje osam jo\u0161 nije otvoreno jer za to nema neophodne jednoglasne podr\u0161ke dr\u017eava \u010dlanica.<\/p>\n<p>\u201cOvaj predlog Komisije trenutno razmatraju dr\u017eave \u010dlanice u Savjetu. One \u0107e donijeti svoje odluke o zasebnim poglavljima koje sna\u017eno vezuju za napredak u vladavini prava, i iz tih razloga jo\u0161 uvijek nema neophodnu jednoglasnost\u201d, ka\u017ee Han za Vijesti.<\/p>\n","protected":false},"excerpt":{"rendered":"<p>EK je od crnogorskih vlasti o\u010dekivala odva\u017eniju reakciju na preporuke iz EU.<\/p>\n","protected":false},"author":1,"featured_media":273452,"comment_status":"open","ping_status":"closed","sticky":false,"template":"","format":"standard","meta":{"_seopress_robots_primary_cat":"","_seopress_titles_title":"","_seopress_titles_desc":"","_seopress_robots_index":"","_et_pb_use_builder":"","_et_pb_old_content":"","_et_gb_content_width":"","inline_featured_image":false,"footnotes":""},"categories":[14,12],"tags":[],"class_list":["post-273451","post","type-post","status-publish","format-standard","has-post-thumbnail","hentry","category-vijesti","category-prica-dana"],"_links":{"self":[{"href":"https:\/\/www.pcnen.com\/portal\/wp-json\/wp\/v2\/posts\/273451","targetHints":{"allow":["GET"]}}],"collection":[{"href":"https:\/\/www.pcnen.com\/portal\/wp-json\/wp\/v2\/posts"}],"about":[{"href":"https:\/\/www.pcnen.com\/portal\/wp-json\/wp\/v2\/types\/post"}],"author":[{"embeddable":true,"href":"https:\/\/www.pcnen.com\/portal\/wp-json\/wp\/v2\/users\/1"}],"replies":[{"embeddable":true,"href":"https:\/\/www.pcnen.com\/portal\/wp-json\/wp\/v2\/comments?post=273451"}],"version-history":[{"count":0,"href":"https:\/\/www.pcnen.com\/portal\/wp-json\/wp\/v2\/posts\/273451\/revisions"}],"wp:featuredmedia":[{"embeddable":true,"href":"https:\/\/www.pcnen.com\/portal\/wp-json\/wp\/v2\/media\/273452"}],"wp:attachment":[{"href":"https:\/\/www.pcnen.com\/portal\/wp-json\/wp\/v2\/media?parent=273451"}],"wp:term":[{"taxonomy":"category","embeddable":true,"href":"https:\/\/www.pcnen.com\/portal\/wp-json\/wp\/v2\/categories?post=273451"},{"taxonomy":"post_tag","embeddable":true,"href":"https:\/\/www.pcnen.com\/portal\/wp-json\/wp\/v2\/tags?post=273451"}],"curies":[{"name":"wp","href":"https:\/\/api.w.org\/{rel}","templated":true}]}}