{"id":273394,"date":"2019-09-11T17:51:45","date_gmt":"2019-09-11T15:51:45","guid":{"rendered":"http:\/\/www.pcnen.com\/portal\/?p=273394"},"modified":"2019-09-11T22:27:33","modified_gmt":"2019-09-11T20:27:33","slug":"opozicija-napustila-sjednicu-odbora-2","status":"publish","type":"post","link":"https:\/\/www.pcnen.com\/portal\/2019\/09\/11\/opozicija-napustila-sjednicu-odbora-2\/","title":{"rendered":"Opozicija napustila sjednicu Odbora"},"content":{"rendered":"<p>Sjednica skup\u0161tinskog Odbora za sveobuhvatnu reformu izbornog i drugog zakonodavstva prekinuta je nakon \u0161to su predstavnici opozicije napustili salu.<\/p>\n<p>Prvi je sjednicu napustio poslanik Socijaldemokratske partije Ra\u0161ko Konjevi\u0107 koji je tra\u017eio da se sjednica odgodi jer Administrativni odbor jo\u0161 nije razmatrao zahtjev Posebnog kluba poslanika da Aleksandar Damjanovi\u0107 bude imenovan u Odbor za sveobuhvatnu reformu izbornog zakonodavstva.<\/p>\n<p>\u201ePro\u0161lo je 20 dana, nije ni zakazana sjednica Administrativnog na kojoj bi se raspravljalo o zahtjevu Posebnog kluba. Nije dobro da krenemo sa radom, a da tu dilemu nijesmo rije\u0161ili\u201c, kazao je Konjevi\u0107.<\/p>\n<p>On je predlo\u017eio da odgode sjednicu i zatra\u017ee od predsjednika Admnistrativnog odbora da u najprimjerenijem roku zaka\u017ee sjednicu tog tijela.<\/p>\n<p>\u201eJa do izja\u0161njenja Administrativnog odbora i razrje\u0161enja dileme ne mogu da u\u010destvujem u radu ovog odbora\u201c, rekao je Konjevi\u0107.<\/p>\n<p>Predsjednik Odbora za sveobuhvatnu reformu izbornog zakonodavstva Branimir Gvozdenovi\u0107 rekao je da to tijelo nije dobilo nikakav predlog Administrativnog odbora.<\/p>\n<p>\u201eNijesam pristalica da odla\u017eemo sjednicu, nego da iskomuniciramo sa Administrativnim odborom. Dugo smo \u010dekali da zaka\u017eemo ovu sjednicu\u201c, rekao je Gvozdenovi\u0107.<\/p>\n<p>On je prihvatio da se Konjevi\u0107ev predlog stavi na glasanje. Za taj predlog, pored Konjevi\u0107a, glasao je jo\u0161 samo Ne\u0111eljko Rudovi\u0107, pet poslanika je bilo protiv a \u010detiri uzdr\u017eana.<\/p>\n<p>Konjevi\u0107 je nakon glasanja napustio sjednicu.<\/p>\n<p>Poslanici Demokrata Momo Koprivica i Danilo \u0160aranovi\u0107 konstatovali su da, nakon odlaska Konjevi\u0107a, nema kvoruma za rad odbora, iako su iz Slu\u017ebe Skup\u0161tine tvrdili druga\u010dije.<\/p>\n<p>Predstavnici Demokrata su ocijenili da se radi o opstrukciji rada Odbora, nakon \u010dega su napustili sjednicu, a nakon njih to je u\u010dinio i Rudovi\u0107.<\/p>\n<p>Gvozdenovi\u0107 je, nakon odlaska opozicionih poslanika, prekinuo sjednicu.<\/p>\n","protected":false},"excerpt":{"rendered":"<p>Predsedavaju\u0107i Gvozdenovi\u0107 prekinuo sjednicu.<\/p>\n","protected":false},"author":1,"featured_media":0,"comment_status":"open","ping_status":"closed","sticky":false,"template":"","format":"standard","meta":{"_seopress_robots_primary_cat":"","_seopress_titles_title":"","_seopress_titles_desc":"","_seopress_robots_index":"","_et_pb_use_builder":"","_et_pb_old_content":"","_et_gb_content_width":"","inline_featured_image":false,"footnotes":""},"categories":[14,12],"tags":[],"class_list":["post-273394","post","type-post","status-publish","format-standard","hentry","category-vijesti","category-prica-dana"],"_links":{"self":[{"href":"https:\/\/www.pcnen.com\/portal\/wp-json\/wp\/v2\/posts\/273394","targetHints":{"allow":["GET"]}}],"collection":[{"href":"https:\/\/www.pcnen.com\/portal\/wp-json\/wp\/v2\/posts"}],"about":[{"href":"https:\/\/www.pcnen.com\/portal\/wp-json\/wp\/v2\/types\/post"}],"author":[{"embeddable":true,"href":"https:\/\/www.pcnen.com\/portal\/wp-json\/wp\/v2\/users\/1"}],"replies":[{"embeddable":true,"href":"https:\/\/www.pcnen.com\/portal\/wp-json\/wp\/v2\/comments?post=273394"}],"version-history":[{"count":0,"href":"https:\/\/www.pcnen.com\/portal\/wp-json\/wp\/v2\/posts\/273394\/revisions"}],"wp:attachment":[{"href":"https:\/\/www.pcnen.com\/portal\/wp-json\/wp\/v2\/media?parent=273394"}],"wp:term":[{"taxonomy":"category","embeddable":true,"href":"https:\/\/www.pcnen.com\/portal\/wp-json\/wp\/v2\/categories?post=273394"},{"taxonomy":"post_tag","embeddable":true,"href":"https:\/\/www.pcnen.com\/portal\/wp-json\/wp\/v2\/tags?post=273394"}],"curies":[{"name":"wp","href":"https:\/\/api.w.org\/{rel}","templated":true}]}}