{"id":273367,"date":"2019-09-11T10:55:44","date_gmt":"2019-09-11T08:55:44","guid":{"rendered":"http:\/\/www.pcnen.com\/portal\/?p=273367"},"modified":"2019-09-11T10:55:44","modified_gmt":"2019-09-11T08:55:44","slug":"tramp-otpustio-boltona","status":"publish","type":"post","link":"https:\/\/www.pcnen.com\/portal\/2019\/09\/11\/tramp-otpustio-boltona\/","title":{"rendered":"Tramp otpustio Boltona"},"content":{"rendered":"<p>Predsjednik SAD Donald Tramp je otpustio savjetnika za nacionalnu bezbjednost D\u017eona Boltona I to je obnarodovao u poruci na dru\u0161tvenoj mre\u017ei Tviter.<\/p>\n<p>Kako prenose agencije, Tramp je rekao da se &#8220;sna\u017eno nije slagao&#8221; sa mnogim Boltonovim predlozima, kao i mnogi drugi u administraciji.<\/p>\n<p><a href=\"https:\/\/twitter.com\/realDonaldTrump\/status\/1171452880055746560\">&#8220;Obavestio sam D\u017eona Boltona sino\u0107 da nam nijesu vi\u0161e potrebne njegove usluge u Bijeloj ku\u0107i&#8221;,<\/a> napisao je Tramp na Tviteru i rekao da mu je Bolton jutros predao ostavku, prenosi Beta.<\/p>\n<p>Bolton je Trampov tre\u0107i savjetnik za nacionalnu bezbjednost i va\u017eio je za pristalicu &#8220;tvrde linije&#8221; u spoljnoj politici jo\u0161 od administracije Ronalda Regana, a postao je poznat po svojoj glasnoj podr\u0161ci ratu u Iraku dok je bio ameri\u010dki ambasador pri UN pod predsjednikom D\u017eord\u017eom V. Bu\u0161om.<\/p>\n<p>Bolton je upozoravao na Trampovo brzo pribli\u017eavanje Sjevernoj Koreji i bio je protiv predsjednikove pro\u0161logodi\u0161nje odluke da povu\u010de ameri\u010dke trupe iz Sirije.<\/p>\n","protected":false},"excerpt":{"rendered":"<p>Bolton je Trampov tre\u0107i po redu savjetnik za nacionalnu bezbjednost.<\/p>\n","protected":false},"author":1,"featured_media":0,"comment_status":"open","ping_status":"closed","sticky":false,"template":"","format":"standard","meta":{"_seopress_robots_primary_cat":"","_seopress_titles_title":"","_seopress_titles_desc":"","_seopress_robots_index":"","_et_pb_use_builder":"","_et_pb_old_content":"","_et_gb_content_width":"","inline_featured_image":false,"footnotes":""},"categories":[14,12],"tags":[],"class_list":["post-273367","post","type-post","status-publish","format-standard","hentry","category-vijesti","category-prica-dana"],"_links":{"self":[{"href":"https:\/\/www.pcnen.com\/portal\/wp-json\/wp\/v2\/posts\/273367","targetHints":{"allow":["GET"]}}],"collection":[{"href":"https:\/\/www.pcnen.com\/portal\/wp-json\/wp\/v2\/posts"}],"about":[{"href":"https:\/\/www.pcnen.com\/portal\/wp-json\/wp\/v2\/types\/post"}],"author":[{"embeddable":true,"href":"https:\/\/www.pcnen.com\/portal\/wp-json\/wp\/v2\/users\/1"}],"replies":[{"embeddable":true,"href":"https:\/\/www.pcnen.com\/portal\/wp-json\/wp\/v2\/comments?post=273367"}],"version-history":[{"count":0,"href":"https:\/\/www.pcnen.com\/portal\/wp-json\/wp\/v2\/posts\/273367\/revisions"}],"wp:attachment":[{"href":"https:\/\/www.pcnen.com\/portal\/wp-json\/wp\/v2\/media?parent=273367"}],"wp:term":[{"taxonomy":"category","embeddable":true,"href":"https:\/\/www.pcnen.com\/portal\/wp-json\/wp\/v2\/categories?post=273367"},{"taxonomy":"post_tag","embeddable":true,"href":"https:\/\/www.pcnen.com\/portal\/wp-json\/wp\/v2\/tags?post=273367"}],"curies":[{"name":"wp","href":"https:\/\/api.w.org\/{rel}","templated":true}]}}