{"id":273362,"date":"2019-09-11T10:23:48","date_gmt":"2019-09-11T08:23:48","guid":{"rendered":"http:\/\/www.pcnen.com\/portal\/?p=273362"},"modified":"2019-09-11T12:19:22","modified_gmt":"2019-09-11T10:19:22","slug":"advokat-sklanjaju-sindelica-da-bude-nedostupan","status":"publish","type":"post","link":"https:\/\/www.pcnen.com\/portal\/2019\/09\/11\/advokat-sklanjaju-sindelica-da-bude-nedostupan\/","title":{"rendered":"Advokat: Sklanjaju Sin\u0111eli\u0107a da bude nedostupan"},"content":{"rendered":"<p>Advokat Du\u0161an Radosavljevi\u0107 je ocijenio, <a href=\"https:\/\/www.in4s.net\/radosavljevic-sklanjaju-sincelica-kako-bi-bio-nedostupan-ako-se-prvostepena-presuda-ukine\/?lang=lat\">u izjavi za portal In4S,<\/a> da je o\u010dekivano rje\u0161enje Ministarstvo unutra\u0161njih poslova Crne Gore kojim se <a href=\"http:\/\/www.pcnen.com\/portal\/2019\/09\/10\/sindelicu-odbijen-zahtjev-za-dobijanje-azila\/\">odbija zahtjev dodjeljivanje azila Sa\u0161i Sin\u0111eli\u0107u<\/a>, svjedoku saradniku u slu\u010daju navodnog dr\u017eavnog udara na dan parlamentarnih izbora 2016. godine.<\/p>\n<p>\u201cOva odluka je u direktnoj vezi sa odlukom Vi\u0161eg suda u Podgorici da se lice koje je svjedok saradnik izru\u010di Republici Hrvatskoj. Na taj na\u010din se vr\u0161i ne\u010duven pritisak na sud i dolazimo do paradoksalne situacije da \u0107e ovo lice postati nedostupno sudu ako se prvostepena presuda ukine, \u0161to je vi\u0161e nego izvjesno ako se bude zakon po\u0161tovao\u201c, kazao je Radosavljevi\u0107, koji je u procesu branio Milana Kne\u017eevi\u0107a, jednog od nepravosna\u017eno osu\u0111enih lidera opozicionog Demokratskog fronta.<\/p>\n","protected":false},"excerpt":{"rendered":"<p>\u0160ta ako se prvostepena presuda bude ukinuta?<\/p>\n","protected":false},"author":1,"featured_media":0,"comment_status":"open","ping_status":"closed","sticky":false,"template":"","format":"standard","meta":{"_seopress_robots_primary_cat":"","_seopress_titles_title":"","_seopress_titles_desc":"","_seopress_robots_index":"","_et_pb_use_builder":"","_et_pb_old_content":"","_et_gb_content_width":"","inline_featured_image":false,"footnotes":""},"categories":[14,12],"tags":[],"class_list":["post-273362","post","type-post","status-publish","format-standard","hentry","category-vijesti","category-prica-dana"],"_links":{"self":[{"href":"https:\/\/www.pcnen.com\/portal\/wp-json\/wp\/v2\/posts\/273362","targetHints":{"allow":["GET"]}}],"collection":[{"href":"https:\/\/www.pcnen.com\/portal\/wp-json\/wp\/v2\/posts"}],"about":[{"href":"https:\/\/www.pcnen.com\/portal\/wp-json\/wp\/v2\/types\/post"}],"author":[{"embeddable":true,"href":"https:\/\/www.pcnen.com\/portal\/wp-json\/wp\/v2\/users\/1"}],"replies":[{"embeddable":true,"href":"https:\/\/www.pcnen.com\/portal\/wp-json\/wp\/v2\/comments?post=273362"}],"version-history":[{"count":0,"href":"https:\/\/www.pcnen.com\/portal\/wp-json\/wp\/v2\/posts\/273362\/revisions"}],"wp:attachment":[{"href":"https:\/\/www.pcnen.com\/portal\/wp-json\/wp\/v2\/media?parent=273362"}],"wp:term":[{"taxonomy":"category","embeddable":true,"href":"https:\/\/www.pcnen.com\/portal\/wp-json\/wp\/v2\/categories?post=273362"},{"taxonomy":"post_tag","embeddable":true,"href":"https:\/\/www.pcnen.com\/portal\/wp-json\/wp\/v2\/tags?post=273362"}],"curies":[{"name":"wp","href":"https:\/\/api.w.org\/{rel}","templated":true}]}}