{"id":273351,"date":"2019-09-11T07:35:01","date_gmt":"2019-09-11T05:35:01","guid":{"rendered":"http:\/\/www.pcnen.com\/portal\/?p=273351"},"modified":"2019-09-11T07:36:17","modified_gmt":"2019-09-11T05:36:17","slug":"mir-balkane-dome-moj","status":"publish","type":"post","link":"https:\/\/www.pcnen.com\/portal\/2019\/09\/11\/mir-balkane-dome-moj\/","title":{"rendered":"Mir, Balkane, dome moj!"},"content":{"rendered":"<p><strong>Autor: Drago Pilsel<\/strong><\/p>\n<p>Ako sam i\u0161ta u \u017eivotu dobro napravio (a bit \u0107e da sam u \u017eivotu ipak ne\u0161to dobro napravio), to je da sam, kada smo pokretali ovaj portal, odlu\u010dio da \u0107e religijski diskurs biti vrlo va\u017ena komponenta na\u0161e ponude. Da se mognemo prisjetiti va\u017enih trenutaka, onda kada smo pokazali da umijemo biti ljudi.<\/p>\n<p>Jedan se takav trenutak dogodio na dana\u0161nji dan prije to\u010dno 25 godina. Bilo nas je na zagreba\u010dkom hipodromu ne milijun, kako lupa IKA, ali bilo nas je jako puno. Mo\u017eda i do 700 tisu\u0107a. To je bez ikakve sumnje bilo najve\u0107e religijsko okupljanje na hrvatskom jeziku.<\/p>\n<p>Ali nije se hrvatovalo. Dapa\u010de!<\/p>\n<p>Papa Ivan Pavao II. je taj dan 11 puta izri\u010dito smjestio Hrvatsku u balkanske okvire: 9 puta tijekom propovijedi, zatim tijekom poruke prije Angelusa, te jo\u0161 jednom, kod odlaska na Pleso. U\u010dinio je to i dva puta prethodnog dana, na Plesu, po dolasku, zatim u zagreba\u010dkoj katedrali. Sve skupa 13 puta. Za\u0161to?!<\/p>\n<p>Zato \u0161to je bio mirotvorac i zato \u0161to je znao da patimo od neispravnog shva\u0107anje pojma \u201dmir\u201d. Bili smo u ratu.<\/p>\n<p>Sje\u0107am se sada i onoga o \u010demu je papa Franjo govorio na misi u Sarajevu. Za\u0161to je tada uzeo u razmatranje Isusov govor na Gori gdje Isus, govore\u0107i o bla\u017eenima, definira mirotvorce (Mt 5,9)? Zato jer je to pitanje trenutka, na\u0161e biti ili ne biti.<\/p>\n<p>Treba znati da u semitskom svijetu rije\u010d \u201dmir\u201d (arapski \u201dsalaam\u201d i hebrejski \u201d\u0161alom\u201d) ima daleko \u0161ire zna\u010denje nego na\u0161a rije\u010d \u201dmir\u201d. Mir konkretno zna\u010di: blagoslov, bogatstvo, spas, \u017eivot, slava, miran po\u010dinak, sre\u0107a, pravednost, sigurnost u privatnom i javnom \u017eivotu, dobrosusjedski odnos, krotkost i puno toga jo\u0161.<\/p>\n<p>Mir je dar Bo\u017eji da bi bili \u0161to bli\u017ei njemu, jer biti u zajedni\u0161tvu zna\u010di biti u bla\u017eenstvu, biti u savr\u0161enom miru. Ili, kako bi rekao odli\u010dan promotor mirotvorstva, pokojni spisatelj i sociolog religije \u017deljko Marde\u0161i\u0107, mir tra\u017ei unutarnju osjetljivost i osje\u0107aj za finese.<\/p>\n<p>Toga, hvala Bogu, u nas ima. Jer nismo svi zaboravili velikoga kapucina Tomislava Janka \u0160agi Buni\u0107a i njegovo sudbonosno \u201dkr\u0161\u0107anstvo ne mo\u017ee biti umorno\u201d.<\/p>\n<blockquote><p>MIR JE DAR BO\u017dJI DA BI BILI \u0160TO BLI\u017dI NJEMU, JER BITI U ZAJEDNI\u0160TVU ZNA\u010cI BITI U BLA\u017dENSTVU, BITI U SAVR\u0160ENOM MIRU. ILI, KAKO BI REKAO ODLI\u010cAN PROMOTOR MIROTVORSTVA, POKOJNI SPISATELJ I SOCIOLOG RELIGIJE \u017dELJKO MARDE\u0160I\u0106, MIR TRA\u017dI UNUTARNJU OSJETLJIVOST I OSJE\u0106AJ ZA FINESE<\/p><\/blockquote>\n<p>Drugi je par rukava za\u0161to mirotvorstvo nije prihva\u0107eno kao \u0161to je \u017eelio i poru\u010dio Ivan Pavao II. 11. rujna 1994. na misi na Hipodromu u Zagrebu kao temeljni zadatak ovda\u0161nje Crkve (i crkava). To je zato \u0161to se ne shva\u0107a da je ono okosnica Evan\u0111elja.<\/p>\n<p>Postoje mnogi koji se nerado vra\u0107aju toj fundamentalnoj poruci Hrvatima i narodima Balkana, pa \u0107u ih podsjetiti, a time i sve nas jo\u0161 jednom obavezati na susret s istinom (molim vas, pro\u010ditajte cijeli taj papin govor u na\u0161oj rubrici Abrahamova djeca):<\/p>\n<p>\u201d\u2026U ovim krajevima, danas stavljenim na toliku ku\u0161nju, vjera mora ponovo postati snaga koja ujedinjuje i daje dobre plodove poput rijeka koje protje\u010du ovim zemljama.<\/p>\n<p>Kao Sava, koja izvire u Sloveniji, protje\u010de va\u0161om domovinom, nastavlja uz hrvatsku i bosansko-hercegova\u010dku granicu te u Srbiji utje\u010de u Dunav. Dunav je druga velika rijeka koja povezuje hrvatsku i srpsku zemlju s velikim zemljama Isto\u010dne, Centralne i Zapadne Europe.<\/p>\n<p>Te dvije rijeke se susre\u0107u, isto kao \u0161to su pozvani na susret i razni narodi koje one povezuju.<\/p>\n<p>To posebno moraju ostvariti dvije kr\u0161\u0107anske crkve, Isto\u010dna i Zapadna, koje upravo u tim krajevima oduvijek \u017eive zajedno.<\/p>\n<p>U toj metafori rijeka mo\u017eemo skoro zapaziti tragove puta kojim Bog od vas tra\u017ei da kro\u010dite u ovom te\u0161kom povijesnom trenutku.<\/p>\n<p>To je put jedinstva i mira koji nitko ne smije izbjegavati. Njega iziskuje sam razbor, jo\u0161 prije vjere. Nije li povijest stvorila tisu\u0107e neraskidivih veza me\u0111u va\u0161im narodima?<\/p>\n<p>Va\u0161i jezici, iako razli\u010diti, nisu li me\u0111u sobom tako bliski da se me\u0111usobno sporazumijevate i razumijete vi\u0161e nego je to slu\u010daj u ostalim dijelovima Europe? I sam zemljopisni polo\u017eaj balkanskih zemalja name\u0107e se kao graditelj mira, jer su te zemlje obavezan prolaz izme\u0111u Bliskog istoka i Srednje Europe.<\/p>\n<p>Upravo zbog toga u pro\u0161lim je stolje\u0107ima ovdje cvjetala trgovina, razmjena raznih dobara i poduzetni\u0161tva, i to sva na dobrobit i blagostanje svih. U toj perspektivi nalazi se i budu\u0107nost Balkanskog poluotoka.<\/p>\n<p>U suradnji i solidarnosti narodi Balkanskog poluotoka mo\u0107i \u0107e se suo\u010diti s mnogim problemima i rije\u0161iti ih. Napredak i dobro naroda na Balkanu imaju samo jedno ime: mir!<\/p>\n<p>Bez obzira na ljudske ra\u010dune, na taj hitan zadatak ti, zagreba\u010dka Crkvo i Crkvo u cijeloj Hrvatskoj, pozvana si jednim kategori\u010dkim moralnim imperativom. Imperativom koji se neodoljivo pojavljuje u svakoj vjerni\u010dkoj savjesti, svaki put kada usne izgovore molitvu \u2018O\u010de na\u0161\u2019\u2026.\u201d<\/p>\n<p>Danas se to \u017eeli zaboraviti, ali je 700.000 Hrvata tada pljeskalo i nakon \u0161to je Ivan Pavao II. i po deveti put (!) u toj propovijedi, ponavljam, smjestio Hrvatsku na Balkan.<\/p>\n<p>Zar ne bi bila nedopustiva dvoli\u010dnost ponavljati \u201cO\u010de na\u0161\u201d dok se gaje osje\u0107aji srd\u017ebe i zavisti ili \u010dak namjere nasilja i osvete? \u201cO\u010de na\u0161\u201d uistinu sadr\u017ei u sr\u017ei odre\u0111eni nacrt dru\u0161tva, koje ne samo da isklju\u010duje svako nasilje nego se u svakom svom vidu izgra\u0111uje prema na\u010delima bratske solidarnosti, kazao nam je Ivan Pavao II.<\/p>\n<p>Bio sam na hipodromu i pamtim odu\u0161evljenje kada je papa Ivan Pavao II, isto kao papa Franjo na Ko\u0161evskom stadionu 6. lipnja 2015. rekao \u201dNikad vi\u0161e rata!\u201d \u0160to su to ljudi osjetili? Oni su u sebi rekli: Mir sada.<\/p>\n<p>Ja tome dodajem: Mir, Balkane, dome moj.<\/p>\n<p><a href=\"https:\/\/www.autograf.hr\/zelim-biti-eho-ivana-pavla-ii-mir-balkane-dome-moj\/\">Autograf<\/a><\/p>\n","protected":false},"excerpt":{"rendered":"<p>\u017delim biti eho Ivana Pavla II<\/p>\n","protected":false},"author":1,"featured_media":273352,"comment_status":"open","ping_status":"closed","sticky":false,"template":"","format":"standard","meta":{"_seopress_robots_primary_cat":"","_seopress_titles_title":"","_seopress_titles_desc":"","_seopress_robots_index":"","_et_pb_use_builder":"","_et_pb_old_content":"","_et_gb_content_width":"","inline_featured_image":false,"footnotes":""},"categories":[5,12],"tags":[],"class_list":["post-273351","post","type-post","status-publish","format-standard","has-post-thumbnail","hentry","category-drugi-pisu","category-prica-dana"],"_links":{"self":[{"href":"https:\/\/www.pcnen.com\/portal\/wp-json\/wp\/v2\/posts\/273351","targetHints":{"allow":["GET"]}}],"collection":[{"href":"https:\/\/www.pcnen.com\/portal\/wp-json\/wp\/v2\/posts"}],"about":[{"href":"https:\/\/www.pcnen.com\/portal\/wp-json\/wp\/v2\/types\/post"}],"author":[{"embeddable":true,"href":"https:\/\/www.pcnen.com\/portal\/wp-json\/wp\/v2\/users\/1"}],"replies":[{"embeddable":true,"href":"https:\/\/www.pcnen.com\/portal\/wp-json\/wp\/v2\/comments?post=273351"}],"version-history":[{"count":0,"href":"https:\/\/www.pcnen.com\/portal\/wp-json\/wp\/v2\/posts\/273351\/revisions"}],"wp:featuredmedia":[{"embeddable":true,"href":"https:\/\/www.pcnen.com\/portal\/wp-json\/wp\/v2\/media\/273352"}],"wp:attachment":[{"href":"https:\/\/www.pcnen.com\/portal\/wp-json\/wp\/v2\/media?parent=273351"}],"wp:term":[{"taxonomy":"category","embeddable":true,"href":"https:\/\/www.pcnen.com\/portal\/wp-json\/wp\/v2\/categories?post=273351"},{"taxonomy":"post_tag","embeddable":true,"href":"https:\/\/www.pcnen.com\/portal\/wp-json\/wp\/v2\/tags?post=273351"}],"curies":[{"name":"wp","href":"https:\/\/api.w.org\/{rel}","templated":true}]}}