{"id":273318,"date":"2019-09-10T16:10:45","date_gmt":"2019-09-10T14:10:45","guid":{"rendered":"http:\/\/www.pcnen.com\/portal\/?p=273318"},"modified":"2019-09-10T23:27:21","modified_gmt":"2019-09-10T21:27:21","slug":"sindelicu-odbijen-zahtjev-za-dobijanje-azila","status":"publish","type":"post","link":"https:\/\/www.pcnen.com\/portal\/2019\/09\/10\/sindelicu-odbijen-zahtjev-za-dobijanje-azila\/","title":{"rendered":"Sin\u0111eli\u0107 bez azila"},"content":{"rendered":"<p>Ministarstvo unutra\u0161njih poslova je odbilo zahtjev Sa\u0161e Sin\u0111eli\u0107a za <a href=\"http:\/\/www.pcnen.com\/portal\/2019\/07\/02\/svjedok-saradnik-sindelic-zatrazio-azil\/\">dobijanje me\u0111unarodne za\u0161tite u Crnoj Gori,<\/a> odgovoreno je Vijestima iz Ministarstva unutra\u0161njih poslova, koje je utvrdilo da je Sin\u0111eli\u0107, zbog krivi\u010dnog djela koje je po\u010dinio prije ulaska u Crnu Goru, isklju\u010den od prava na azil.<\/p>\n<p>&#8220;Uvidom u dokaze dostavljene ovom organu, utvr\u0111eno je da je Sa\u0161a Sin\u0111eli\u0107 u\u010dinio krivi\u010dno djelo prije ulaska u Crnu Goru, za koje je, u skladu sa zakonodavstvom Crne Gore propisana kazna zatvora u trajanju od pet godina ili te\u017ea kazna, \u010dime su se stekli zakonski uslovi da se ovo lice isklju\u010di od prava na azil i supsidijarnu za\u0161titu i da mu se odbije zahtjev za dobijanje me\u0111unarodne za\u0161tite. Imenovani je u toku postupka po zahtjevu za dobijanje me\u0111unarodne za\u0161tite saslu\u0161an u dva navrata, kojom prilikom je iznio \u010dinjenice i okolnosti zbog kojih je zatra\u017eio za\u0161titu u Crnoj Gori. Me\u0111utim, priroda iznijetih \u010dinjenica i okolnosti nije mogla bitno uticati na dono\u0161enje druga\u010dije odluke, imaju\u0107i u vidu odredbe \u010dlanova 29 i 30\u00a0 Zakona o me\u0111unarodnoj i privremenoj za\u0161titi stranaca&#8221;, stoji u odgovoru ministarstva.<\/p>\n<p>Podgori\u010dki Vi\u0161i sud je 6. septembra ocijenio da su ispunjene zakonske pretpostavke za <a href=\"http:\/\/www.pcnen.com\/portal\/2019\/09\/07\/in4s-hronologija-skrivanja-identiteta-svjedoka-saradnika\/\">izru\u010denje Sin\u0111eli\u0107a Hrvatskoj zbog izdr\u017eavanja<\/a> 21-godi\u0161nje zatvorske kazne na koju je osu\u0111en zbog ubistva u toj dt\u017eavi.<\/p>\n<p>Sin\u0111eli\u0107 je, nedavno, pod nepoznatim okolnostima, iz Srbije nelegalno <a href=\"http:\/\/www.pcnen.com\/portal\/2019\/06\/18\/sindelic-ponovo-u-crnoj-gori\/\">u\u0161ao u Crnu Goru<\/a>.<\/p>\n<p><em>Zahtjev Hrvatske za izru\u010denje Sa\u0161e Sin\u0111eli\u0107a upu\u0107en je jo\u0161 dok je trajao sudski postupak za poku\u0161aj terorizma u okviru kojeg je Sin\u0111eli\u0107 bio klju\u010dni svjedok Specijalnog tu\u017eila\u0161tva u dokazivanju odgovornosti okrivljenih za poku\u0161aj dr\u017eavnog udara na dan parlamentarnih izbora u Crnoj Gori, u oktobru 2016. godine.<\/em><\/p>\n<p><em>Vi\u0161i sud u Podgorici je<a href=\"http:\/\/www.pcnen.com\/portal\/2019\/05\/09\/mandic-i-knezevic-osudeni-na-po-pet-godina-zatvora\/\"> 9. maja ove godine prvostepeno osudio <\/a>dvojicu ruskih dr\u017eavljana, osam dr\u017eavljana Srbije, te dva funkcionera opozicionog Demokratskog fronta (DF) u Crnoj Gori i njihovog voza\u010da na vi\u0161e od 68 godina zatvora.<\/em><\/p>\n<p><em>Oni su osu\u0111eni za planiranje i poku\u0161aj nasilnog ru\u0161enja vlasti, progla\u0161enje pobjede DF-a na izborima kako bi se sprije\u010dio ulazak Crne Gore u NATO.<\/em><\/p>\n<p><em>Upravo zbog \u010dinjenice da je u Hrvatskoj pravosna\u017eno osu\u0111en za ubistvo, advokati okrivljenih su tokom postupka dovodili u pitanje kredibilitet Sa\u0161e Sin\u0111eli\u0107a kao klju\u010dnog svjedoka tu\u017eila\u0161tva.<\/em><\/p>\n","protected":false},"excerpt":{"rendered":"<p>Zbog krivi\u010dnog djela koje je po\u010dinio prije ulaska u CG, Sin\u0111eli\u0107 je &#8216;isklju\u010den od prava na azil&#8217;.<\/p>\n","protected":false},"author":1,"featured_media":273100,"comment_status":"open","ping_status":"closed","sticky":false,"template":"","format":"standard","meta":{"_seopress_robots_primary_cat":"","_seopress_titles_title":"","_seopress_titles_desc":"","_seopress_robots_index":"","_et_pb_use_builder":"","_et_pb_old_content":"","_et_gb_content_width":"","inline_featured_image":false,"footnotes":""},"categories":[14],"tags":[],"class_list":["post-273318","post","type-post","status-publish","format-standard","has-post-thumbnail","hentry","category-vijesti"],"_links":{"self":[{"href":"https:\/\/www.pcnen.com\/portal\/wp-json\/wp\/v2\/posts\/273318","targetHints":{"allow":["GET"]}}],"collection":[{"href":"https:\/\/www.pcnen.com\/portal\/wp-json\/wp\/v2\/posts"}],"about":[{"href":"https:\/\/www.pcnen.com\/portal\/wp-json\/wp\/v2\/types\/post"}],"author":[{"embeddable":true,"href":"https:\/\/www.pcnen.com\/portal\/wp-json\/wp\/v2\/users\/1"}],"replies":[{"embeddable":true,"href":"https:\/\/www.pcnen.com\/portal\/wp-json\/wp\/v2\/comments?post=273318"}],"version-history":[{"count":0,"href":"https:\/\/www.pcnen.com\/portal\/wp-json\/wp\/v2\/posts\/273318\/revisions"}],"wp:featuredmedia":[{"embeddable":true,"href":"https:\/\/www.pcnen.com\/portal\/wp-json\/wp\/v2\/media\/273100"}],"wp:attachment":[{"href":"https:\/\/www.pcnen.com\/portal\/wp-json\/wp\/v2\/media?parent=273318"}],"wp:term":[{"taxonomy":"category","embeddable":true,"href":"https:\/\/www.pcnen.com\/portal\/wp-json\/wp\/v2\/categories?post=273318"},{"taxonomy":"post_tag","embeddable":true,"href":"https:\/\/www.pcnen.com\/portal\/wp-json\/wp\/v2\/tags?post=273318"}],"curies":[{"name":"wp","href":"https:\/\/api.w.org\/{rel}","templated":true}]}}