{"id":273264,"date":"2019-09-10T10:17:07","date_gmt":"2019-09-10T08:17:07","guid":{"rendered":"http:\/\/www.pcnen.com\/portal\/?p=273264"},"modified":"2019-09-10T11:41:17","modified_gmt":"2019-09-10T09:41:17","slug":"fekalije-u-hrvatskom-jadranu-vidljive-iz-svemira","status":"publish","type":"post","link":"https:\/\/www.pcnen.com\/portal\/2019\/09\/10\/fekalije-u-hrvatskom-jadranu-vidljive-iz-svemira\/","title":{"rendered":"Fekalije u Jadranu vidljive iz svemira"},"content":{"rendered":"<p>Zaga\u0111enje Jadrana poprimilo je takve razmjere da su fekalije kraj Vodnjana, u Istri, zabilje\u017eene i na snimcima iz svemira.<\/p>\n<p>Stru\u010dnjaci se sla\u017eu da mrlje koje se vide na satelitskim snimcima Gugl mapa u podru\u010dju nedaleko od kanalizacionog ispusta kod Vodnjana, najvjerovatnije, poti\u010du od fekalija, prenose hrvatski portali.<\/p>\n<p>One se vide na podru\u010dju oko Peroja u Istri, oko \u010detiri kilometra zapadno od Fa\u017eane, te ne\u0161to manje sjeverno od Briona.<\/p>\n<p>Problem je alarmantan, jer se fekalije \u0161ire prema Nacionalnom parku &#8220;Brioni&#8221;.<\/p>\n<p>Kako<a href=\"https:\/\/www.index.hr\/vijesti\/clanak\/govna-u-jadranu-vide-se-iz-svemira-istrazili-smo-odakle-su-dosla\/2114917.aspx\"> prenosi Index.hr,<\/a> lokalne vlasti \u017eale se na stare sisteme za pre\u010di\u0161\u0107avanje otpadnih voda i najavljuju izgradnju novog sistema.<\/p>\n<p>Ali, profesionalni ronioci isti\u010du da bi problem izgradnje mogao biti u tome \u0161to postavljanje jednog metra cijevi na dubinu od 50 metara ko\u0161ta oko 1.000 eura.<\/p>\n<p>Zaga\u0111enje fekalijama nije slu\u010dajnost, ve\u0107 masovna pojava, navode ekolozi i upozoravaju na sli\u010dan problem kod ispusta kanalizacije u Pagu.<\/p>\n","protected":false},"excerpt":{"rendered":"<p>Zaga\u0111enje fekalijama nije slu\u010dajnost, ve\u0107 masovna pojava, navode ekolozi.<\/p>\n","protected":false},"author":1,"featured_media":0,"comment_status":"open","ping_status":"closed","sticky":false,"template":"","format":"standard","meta":{"_seopress_robots_primary_cat":"","_seopress_titles_title":"","_seopress_titles_desc":"","_seopress_robots_index":"","_et_pb_use_builder":"","_et_pb_old_content":"","_et_gb_content_width":"","inline_featured_image":false,"footnotes":""},"categories":[14,12],"tags":[],"class_list":["post-273264","post","type-post","status-publish","format-standard","hentry","category-vijesti","category-prica-dana"],"_links":{"self":[{"href":"https:\/\/www.pcnen.com\/portal\/wp-json\/wp\/v2\/posts\/273264","targetHints":{"allow":["GET"]}}],"collection":[{"href":"https:\/\/www.pcnen.com\/portal\/wp-json\/wp\/v2\/posts"}],"about":[{"href":"https:\/\/www.pcnen.com\/portal\/wp-json\/wp\/v2\/types\/post"}],"author":[{"embeddable":true,"href":"https:\/\/www.pcnen.com\/portal\/wp-json\/wp\/v2\/users\/1"}],"replies":[{"embeddable":true,"href":"https:\/\/www.pcnen.com\/portal\/wp-json\/wp\/v2\/comments?post=273264"}],"version-history":[{"count":0,"href":"https:\/\/www.pcnen.com\/portal\/wp-json\/wp\/v2\/posts\/273264\/revisions"}],"wp:attachment":[{"href":"https:\/\/www.pcnen.com\/portal\/wp-json\/wp\/v2\/media?parent=273264"}],"wp:term":[{"taxonomy":"category","embeddable":true,"href":"https:\/\/www.pcnen.com\/portal\/wp-json\/wp\/v2\/categories?post=273264"},{"taxonomy":"post_tag","embeddable":true,"href":"https:\/\/www.pcnen.com\/portal\/wp-json\/wp\/v2\/tags?post=273264"}],"curies":[{"name":"wp","href":"https:\/\/api.w.org\/{rel}","templated":true}]}}