{"id":273110,"date":"2019-09-07T17:43:58","date_gmt":"2019-09-07T15:43:58","guid":{"rendered":"http:\/\/www.pcnen.com\/portal\/?p=273110"},"modified":"2019-09-07T19:52:43","modified_gmt":"2019-09-07T17:52:43","slug":"vanredno-stanje-na-staroj-planini-zbog-mhe","status":"publish","type":"post","link":"https:\/\/www.pcnen.com\/portal\/2019\/09\/07\/vanredno-stanje-na-staroj-planini-zbog-mhe\/","title":{"rendered":"Vanredno stanje na Staroj planini zbog mHE"},"content":{"rendered":"<p>Savez mjesnih zajednica Stare planine proglasio je vanredno stanje na toj planini zbog, kako je naveo, nepo\u0161tovanja zakona i Ustava Srbije usled izgradnje mini hidroelektrana, saop\u0161tio je danas taj savez, prenosi Beta.<\/p>\n<p>Savez je pozvao predsjednika Srbije Aleksandra Vu\u010di\u0107a da &#8220;kona\u010dno stane na put kriminalcima i da stane u odbranu zakona, kao i ispuni svoj plan o o\u010duvanju srpskih sela&#8221;.<\/p>\n<p>&#8220;Klizi\u0161ta, razoren put i imanja, ugro\u017eavanje zgrada i ljudi, sve su to posledice kojima se mrcvari lokalno stanovni\u0161tvo. Isti scenario se sprema i u Toplom Dolu, na reci Jelovici, kao i na jo\u0161 50 lokacija u Parku prirode &#8216;Stara planina'&#8221;, navodi se u saop\u0161tenju.<\/p>\n<p>Dodaje se da je javnost ve\u0107 upoznata sa slu\u010dajem u selu Rakita, kada dr\u017eava nije, kako je taj savez ocijenio, preduzela korake da sprije\u010di nelegalne radnje, uprkos pravnosna\u017enoj odluci inspektora za za\u0161titu \u017eivotne sredine.<\/p>\n<p>&#8220;Na barikadama smo 24 \u010dasa. Na\u0161i \u017eivoti su ve\u0107 ugro\u017eeni i pod neprekidnim smo pritiskom&#8221;, navodi se u saop\u0161tenju i dodaje da su primorani da prave barikada da bi &#8220;za\u0161titili svoja sela&#8221;.<\/p>\n<p>Taj savez je naveo i da su organizovali &#8220;solidarne stra\u017ee za za\u0161titu zakona i Ustava&#8221; i pozvali su medije da do\u0111u da &#8220;dokumentuju njihovu borbu&#8221;.<\/p>\n<p>&#8220;Da li je boga\u0107enje pojedinca dovoljan razlog da se uni\u0161te najlep\u0161a srpska sela, reke, planinski potoci i \u0161ume u prvim zonama za\u0161tite&#8221;, upitali su u saop\u0161tenju tog saveza, prenosi Beta.<\/p>\n","protected":false},"excerpt":{"rendered":"<p>&#8220;Na barikadama smo 24 \u010dasa&#8221;.<\/p>\n","protected":false},"author":1,"featured_media":273111,"comment_status":"open","ping_status":"closed","sticky":false,"template":"","format":"standard","meta":{"_seopress_robots_primary_cat":"","_seopress_titles_title":"","_seopress_titles_desc":"","_seopress_robots_index":"","_et_pb_use_builder":"","_et_pb_old_content":"","_et_gb_content_width":"","inline_featured_image":false,"footnotes":""},"categories":[14,12],"tags":[],"class_list":["post-273110","post","type-post","status-publish","format-standard","has-post-thumbnail","hentry","category-vijesti","category-prica-dana"],"_links":{"self":[{"href":"https:\/\/www.pcnen.com\/portal\/wp-json\/wp\/v2\/posts\/273110","targetHints":{"allow":["GET"]}}],"collection":[{"href":"https:\/\/www.pcnen.com\/portal\/wp-json\/wp\/v2\/posts"}],"about":[{"href":"https:\/\/www.pcnen.com\/portal\/wp-json\/wp\/v2\/types\/post"}],"author":[{"embeddable":true,"href":"https:\/\/www.pcnen.com\/portal\/wp-json\/wp\/v2\/users\/1"}],"replies":[{"embeddable":true,"href":"https:\/\/www.pcnen.com\/portal\/wp-json\/wp\/v2\/comments?post=273110"}],"version-history":[{"count":0,"href":"https:\/\/www.pcnen.com\/portal\/wp-json\/wp\/v2\/posts\/273110\/revisions"}],"wp:featuredmedia":[{"embeddable":true,"href":"https:\/\/www.pcnen.com\/portal\/wp-json\/wp\/v2\/media\/273111"}],"wp:attachment":[{"href":"https:\/\/www.pcnen.com\/portal\/wp-json\/wp\/v2\/media?parent=273110"}],"wp:term":[{"taxonomy":"category","embeddable":true,"href":"https:\/\/www.pcnen.com\/portal\/wp-json\/wp\/v2\/categories?post=273110"},{"taxonomy":"post_tag","embeddable":true,"href":"https:\/\/www.pcnen.com\/portal\/wp-json\/wp\/v2\/tags?post=273110"}],"curies":[{"name":"wp","href":"https:\/\/api.w.org\/{rel}","templated":true}]}}