{"id":273099,"date":"2019-09-07T10:36:11","date_gmt":"2019-09-07T08:36:11","guid":{"rendered":"http:\/\/www.pcnen.com\/portal\/?p=273099"},"modified":"2019-09-07T17:45:58","modified_gmt":"2019-09-07T15:45:58","slug":"in4s-hronologija-skrivanja-identiteta-svjedoka-saradnika","status":"publish","type":"post","link":"https:\/\/www.pcnen.com\/portal\/2019\/09\/07\/in4s-hronologija-skrivanja-identiteta-svjedoka-saradnika\/","title":{"rendered":"In4S: Hronologija skrivanja identiteta svjedoka saradnika"},"content":{"rendered":"<p>Portal in4S je objavio danas &#8216;hronologiju skrivanja identiteta&#8217; Sa\u0161e Sin\u0111eli\u0107a, svjedoka saradnika u procesu poznatom kao &#8216;dr\u017eavni udar&#8217;, u kome su <a href=\"http:\/\/www.pcnen.com\/portal\/2019\/05\/09\/mandic-i-knezevic-osudeni-na-po-pet-godina-zatvora\/\">nepavosna\u017eno osu\u0111ena<\/a> dvojica lidera opozicionog Demokratskog fronta Andrija Mandi\u0107 i Milan Kne\u017eevi\u0107, dvojica ruskih i vi\u0161e dr\u017eavljana Srbije.<\/p>\n<p>Hrvatska obavje\u0161tajna slu\u017eba je od po\u010detka bila upoznata sa akcijom koju je sproveo NATO u Crnoj Gori. Njihov zadatak je bio da zata\u0161ka slu\u010daj Sin\u0111eli\u0107a u svom \u201cdvori\u0161tu\u201d. Plan je bio da se Sa\u0161i Sin\u0111eli\u0107u, na tih na\u010din, ba\u0161 u ovom postupku promijeni identitet u Aleksandar Sin\u0111eli\u0107 kako bi u potpunosti bio zbrisan trag njegovog zlo\u010dina.<\/p>\n<p>\u201eOvaj poku\u0161aj mijenjanja identiteta je specifi\u010dan upravo zbog toga \u0161to u tom falsifikatorskom \u010dinu aktivno i prilje\u017eno u\u010destvuju dr\u017eavni organi Crne Gore. Naime, Ministarstvo pravde (Zoran Pa\u017ein), policija, Tu\u017eila\u0161tvo i Vi\u0161i sud su koordinisano uvodili Sa\u0161u Sin\u0111eli\u0107a u svojoj dokumentaciji kao Aleksandra Sin\u0111eli\u0107a. U normalnom dr\u017eavnom sistemu, upravo su ovi organi obavezni, po slu\u017ebenoj du\u017enosti, da nesporno utvrde identitet lica i tako ga registruju u dokumentima. Me\u0111utim, u Crnoj Gori je to &#8216;malo&#8217; druga\u010dije\u201c, <a href=\"https:\/\/www.in4s.net\/kako-su-pazin-katnic-i-visi-sud-pokusali-da-sakriju-sindjelicev-identitet-i-uloga-hrvatske\/?lang=lat\">pi\u0161e In4S.<\/a><\/p>\n<p>Vi\u0161i sud u Podgorici je ju\u010de odlu\u010dio da Sin\u0111eli\u0107a, koji je u Hrvatskoj pravosna\u017eno osu\u0111en za ubistvo, izru\u010di toj dr\u017eavi. Sin\u0111eli\u0107 je, nedavno, pod nepoznatim okolnostima, iz Srbije nelegalno u\u0161ao u Crnu Goru.<\/p>\n","protected":false},"excerpt":{"rendered":"<p>Vi\u0161i sud u Podgorici odlu\u010dio da se Sin\u0111eli\u0107 izru\u010di Hrvatskoj<\/p>\n","protected":false},"author":1,"featured_media":273100,"comment_status":"open","ping_status":"closed","sticky":false,"template":"","format":"standard","meta":{"_seopress_robots_primary_cat":"","_seopress_titles_title":"","_seopress_titles_desc":"","_seopress_robots_index":"","_et_pb_use_builder":"","_et_pb_old_content":"","_et_gb_content_width":"","inline_featured_image":false,"footnotes":""},"categories":[14,12],"tags":[560,562,561],"class_list":["post-273099","post","type-post","status-publish","format-standard","has-post-thumbnail","hentry","category-vijesti","category-prica-dana","tag-drzavni-udar","tag-sindelic","tag-svjedok-saradnik"],"_links":{"self":[{"href":"https:\/\/www.pcnen.com\/portal\/wp-json\/wp\/v2\/posts\/273099","targetHints":{"allow":["GET"]}}],"collection":[{"href":"https:\/\/www.pcnen.com\/portal\/wp-json\/wp\/v2\/posts"}],"about":[{"href":"https:\/\/www.pcnen.com\/portal\/wp-json\/wp\/v2\/types\/post"}],"author":[{"embeddable":true,"href":"https:\/\/www.pcnen.com\/portal\/wp-json\/wp\/v2\/users\/1"}],"replies":[{"embeddable":true,"href":"https:\/\/www.pcnen.com\/portal\/wp-json\/wp\/v2\/comments?post=273099"}],"version-history":[{"count":0,"href":"https:\/\/www.pcnen.com\/portal\/wp-json\/wp\/v2\/posts\/273099\/revisions"}],"wp:featuredmedia":[{"embeddable":true,"href":"https:\/\/www.pcnen.com\/portal\/wp-json\/wp\/v2\/media\/273100"}],"wp:attachment":[{"href":"https:\/\/www.pcnen.com\/portal\/wp-json\/wp\/v2\/media?parent=273099"}],"wp:term":[{"taxonomy":"category","embeddable":true,"href":"https:\/\/www.pcnen.com\/portal\/wp-json\/wp\/v2\/categories?post=273099"},{"taxonomy":"post_tag","embeddable":true,"href":"https:\/\/www.pcnen.com\/portal\/wp-json\/wp\/v2\/tags?post=273099"}],"curies":[{"name":"wp","href":"https:\/\/api.w.org\/{rel}","templated":true}]}}