{"id":273078,"date":"2019-09-06T22:45:28","date_gmt":"2019-09-06T20:45:28","guid":{"rendered":"http:\/\/www.pcnen.com\/portal\/?p=273078"},"modified":"2019-09-06T22:45:28","modified_gmt":"2019-09-06T20:45:28","slug":"kisa-s-grmljavinom-mjestimicno","status":"publish","type":"post","link":"https:\/\/www.pcnen.com\/portal\/2019\/09\/06\/kisa-s-grmljavinom-mjestimicno\/","title":{"rendered":"Ki\u0161a s grmljavinom mjestimi\u010dno"},"content":{"rendered":"<p>Promjenljivo obla\u010dno sa sun\u010danim intervalima bi\u0107e u subotu u Crnoj Gori.<\/p>\n<p>Ki\u0161a ili pljusak sa grmljavinom najavljeni su mjestimi\u010dno, uglavnom od sredine dana, I to \u010de\u0161\u0107e u ju\u017enim i centralnim djelovima zemlje.<\/p>\n<p>Magle \u0107e biti ponegdje ujutro po kotlinama na sjeveru.<\/p>\n<p>Vjetar \u0107e biti slab do umjeren, a na sjeveru \u0107e popodne ponegdje duvati \u00a0i poja\u010dano, uglavnom s juga.<\/p>\n<p>Jutarnja temperatura vazduha bi\u0107e u rasponu od 10 do 22, a najvi\u0161a dnevna od 18 do 32 stepena.<\/p>\n<blockquote><p>U Podgorici \u0107e biti promjenljivo obla\u010dno sa dosta sun\u010danih intervala. Popodne \u0107e biti uslova za ki\u0161u ili pljusak i grmljavinu.<\/p>\n<p>Vjetar \u0107e dominantno duvati s juga slabom do umjerenom ja\u010dinom.<\/p>\n<p>Jutarnja temperatura vazduha bi\u0107e do 20, a najvi\u0161a dnevna oko 31 stepen.<\/p>\n<p><a href=\"http:\/\/www.meteo.co.me\/misc.php?text=121&amp;sektor=1&amp;grad=KOT\">Prognoza za ostale crnogorske gradove.<\/a><\/p><\/blockquote>\n","protected":false},"excerpt":{"rendered":"<p>U Podgorici \u0107e biti promjenljivo obla\u010dno sa dosta sun\u010danih intervala.<\/p>\n","protected":false},"author":1,"featured_media":0,"comment_status":"open","ping_status":"closed","sticky":false,"template":"","format":"standard","meta":{"_seopress_robots_primary_cat":"","_seopress_titles_title":"","_seopress_titles_desc":"","_seopress_robots_index":"","_et_pb_use_builder":"","_et_pb_old_content":"","_et_gb_content_width":"","inline_featured_image":false,"footnotes":""},"categories":[14,12],"tags":[],"class_list":["post-273078","post","type-post","status-publish","format-standard","hentry","category-vijesti","category-prica-dana"],"_links":{"self":[{"href":"https:\/\/www.pcnen.com\/portal\/wp-json\/wp\/v2\/posts\/273078","targetHints":{"allow":["GET"]}}],"collection":[{"href":"https:\/\/www.pcnen.com\/portal\/wp-json\/wp\/v2\/posts"}],"about":[{"href":"https:\/\/www.pcnen.com\/portal\/wp-json\/wp\/v2\/types\/post"}],"author":[{"embeddable":true,"href":"https:\/\/www.pcnen.com\/portal\/wp-json\/wp\/v2\/users\/1"}],"replies":[{"embeddable":true,"href":"https:\/\/www.pcnen.com\/portal\/wp-json\/wp\/v2\/comments?post=273078"}],"version-history":[{"count":0,"href":"https:\/\/www.pcnen.com\/portal\/wp-json\/wp\/v2\/posts\/273078\/revisions"}],"wp:attachment":[{"href":"https:\/\/www.pcnen.com\/portal\/wp-json\/wp\/v2\/media?parent=273078"}],"wp:term":[{"taxonomy":"category","embeddable":true,"href":"https:\/\/www.pcnen.com\/portal\/wp-json\/wp\/v2\/categories?post=273078"},{"taxonomy":"post_tag","embeddable":true,"href":"https:\/\/www.pcnen.com\/portal\/wp-json\/wp\/v2\/tags?post=273078"}],"curies":[{"name":"wp","href":"https:\/\/api.w.org\/{rel}","templated":true}]}}