{"id":273053,"date":"2019-09-06T09:30:31","date_gmt":"2019-09-06T07:30:31","guid":{"rendered":"http:\/\/www.pcnen.com\/portal\/?p=273053"},"modified":"2019-09-06T15:07:25","modified_gmt":"2019-09-06T13:07:25","slug":"fekalije-iz-kolektora-nesmetano-oticu-u-breznicu","status":"publish","type":"post","link":"https:\/\/www.pcnen.com\/portal\/2019\/09\/06\/fekalije-iz-kolektora-nesmetano-oticu-u-breznicu\/","title":{"rendered":"Fekalije iz kolektora idu u Breznicu"},"content":{"rendered":"<p>Stanovnici pljevaljskog naselja \u201c\u0160evari\u201d su alarmirali, a lokalni <a href=\"https:\/\/www.pvinformer.me\/novi-ekoloski-incident-u-pljevljima-fekalije-iz-kolektora-nesmetano-oticu-u-breznicu-gradjani-ugrozeni-zbog-neopisivog-smrada-i-bojazni-od-zaraze\/?fbclid=IwAR3n_YXKXbaY3ZtGFybhKdDfGg24HnZZ6Z0oLg5HsxpR8SRnuAyiwuzfadI\">portal PV informer<\/a> je na licu mjesta ustanovio da iz cijevi velikog pre\u010dnika kolektora nesmetano oti\u010du u rijeku Breznicu fekalije i \u0161ire neopisiv smrad obalom neposredno pored ku\u0107a mje\u0161tana.<\/p>\n<p>Mje\u0161tani tvrde da je normalan \u017eivot postao nemogu\u0107 jer zbog smrada koji se posebno osje\u0107a u ve\u010dernjim \u010dasovima ne mogu da otvaraju prozore da bi provjetrili stanove, a postoji strah i od zaraze jer su pored rijeke mnoge zasijane povr\u0161ine koje su zalivane vodom iz Breznice.<\/p>\n","protected":false},"excerpt":{"rendered":"<p>Mje\u0161tani naselj &#8216;\u0160evari&#8217; tvrde da je normalan \u017eivot postao nemogu\u0107<\/p>\n","protected":false},"author":1,"featured_media":273054,"comment_status":"open","ping_status":"closed","sticky":false,"template":"","format":"standard","meta":{"_seopress_robots_primary_cat":"","_seopress_titles_title":"","_seopress_titles_desc":"","_seopress_robots_index":"","_et_pb_use_builder":"","_et_pb_old_content":"","_et_gb_content_width":"","inline_featured_image":false,"footnotes":""},"categories":[14,12],"tags":[],"class_list":["post-273053","post","type-post","status-publish","format-standard","has-post-thumbnail","hentry","category-vijesti","category-prica-dana"],"_links":{"self":[{"href":"https:\/\/www.pcnen.com\/portal\/wp-json\/wp\/v2\/posts\/273053","targetHints":{"allow":["GET"]}}],"collection":[{"href":"https:\/\/www.pcnen.com\/portal\/wp-json\/wp\/v2\/posts"}],"about":[{"href":"https:\/\/www.pcnen.com\/portal\/wp-json\/wp\/v2\/types\/post"}],"author":[{"embeddable":true,"href":"https:\/\/www.pcnen.com\/portal\/wp-json\/wp\/v2\/users\/1"}],"replies":[{"embeddable":true,"href":"https:\/\/www.pcnen.com\/portal\/wp-json\/wp\/v2\/comments?post=273053"}],"version-history":[{"count":0,"href":"https:\/\/www.pcnen.com\/portal\/wp-json\/wp\/v2\/posts\/273053\/revisions"}],"wp:featuredmedia":[{"embeddable":true,"href":"https:\/\/www.pcnen.com\/portal\/wp-json\/wp\/v2\/media\/273054"}],"wp:attachment":[{"href":"https:\/\/www.pcnen.com\/portal\/wp-json\/wp\/v2\/media?parent=273053"}],"wp:term":[{"taxonomy":"category","embeddable":true,"href":"https:\/\/www.pcnen.com\/portal\/wp-json\/wp\/v2\/categories?post=273053"},{"taxonomy":"post_tag","embeddable":true,"href":"https:\/\/www.pcnen.com\/portal\/wp-json\/wp\/v2\/tags?post=273053"}],"curies":[{"name":"wp","href":"https:\/\/api.w.org\/{rel}","templated":true}]}}