{"id":273023,"date":"2019-09-05T21:34:16","date_gmt":"2019-09-05T19:34:16","guid":{"rendered":"http:\/\/www.pcnen.com\/portal\/?p=273023"},"modified":"2019-09-06T06:55:41","modified_gmt":"2019-09-06T04:55:41","slug":"popodne-mjestimicno-kisa","status":"publish","type":"post","link":"https:\/\/www.pcnen.com\/portal\/2019\/09\/05\/popodne-mjestimicno-kisa\/","title":{"rendered":"Popodne mjestimi\u010dno ki\u0161a"},"content":{"rendered":"<p>U petak \u0107e biti promjenljivo obla\u010dno, s tim \u0161to \u0107e na jugu Crne Gore biti du\u017eih sun\u010danih intervala.<\/p>\n<p>Uglavnom od sredine dana mjestimi\u010dno \u0107e biti ki\u0161e ili pljuska i grmljavine, prvenstveno u kontinentalnim predjelima i planinskom zale\u0111u Boke.<\/p>\n<p>Po kotlinama na sjeveru zemlje bi\u0107e mjestimi\u010dno jutarnje magle.<\/p>\n<p>Vjetar promjenljivog smjera bi\u0107e slab do umjeren.<\/p>\n<p>Jutarnja temperatura vazduha bi\u0107e u rasponu od 10 do 23, a najvi\u0161a dnevna od 19 do 33 stepena.<\/p>\n<blockquote><p>U Podgorici \u0107e biti promjenljivo obla\u010dno sa dosta sun\u010danih intervala. U popodnevnim satima bi\u0107e mogu\u0107a kratkotrajna ki\u0161a ili pljusak i grmljavina.<\/p>\n<p>Jutarnja temperatura vazduha doseza\u0107e do 20, a najvi\u0161a dnevna bi\u0107e oko 32 stepena.<\/p>\n<p><a href=\"http:\/\/www.meteo.co.me\/misc.php?text=121&amp;sektor=1&amp;grad=BER\">Prognoza za ostale crnogorske gradove.<\/a><\/p><\/blockquote>\n","protected":false},"excerpt":{"rendered":"<p>Najvi\u0161a dnevna temperatura od 19 do 33 stepena<\/p>\n","protected":false},"author":1,"featured_media":0,"comment_status":"open","ping_status":"closed","sticky":false,"template":"","format":"standard","meta":{"_seopress_robots_primary_cat":"","_seopress_titles_title":"","_seopress_titles_desc":"","_seopress_robots_index":"","_et_pb_use_builder":"","_et_pb_old_content":"","_et_gb_content_width":"","inline_featured_image":false,"footnotes":""},"categories":[14,12],"tags":[],"class_list":["post-273023","post","type-post","status-publish","format-standard","hentry","category-vijesti","category-prica-dana"],"_links":{"self":[{"href":"https:\/\/www.pcnen.com\/portal\/wp-json\/wp\/v2\/posts\/273023","targetHints":{"allow":["GET"]}}],"collection":[{"href":"https:\/\/www.pcnen.com\/portal\/wp-json\/wp\/v2\/posts"}],"about":[{"href":"https:\/\/www.pcnen.com\/portal\/wp-json\/wp\/v2\/types\/post"}],"author":[{"embeddable":true,"href":"https:\/\/www.pcnen.com\/portal\/wp-json\/wp\/v2\/users\/1"}],"replies":[{"embeddable":true,"href":"https:\/\/www.pcnen.com\/portal\/wp-json\/wp\/v2\/comments?post=273023"}],"version-history":[{"count":0,"href":"https:\/\/www.pcnen.com\/portal\/wp-json\/wp\/v2\/posts\/273023\/revisions"}],"wp:attachment":[{"href":"https:\/\/www.pcnen.com\/portal\/wp-json\/wp\/v2\/media?parent=273023"}],"wp:term":[{"taxonomy":"category","embeddable":true,"href":"https:\/\/www.pcnen.com\/portal\/wp-json\/wp\/v2\/categories?post=273023"},{"taxonomy":"post_tag","embeddable":true,"href":"https:\/\/www.pcnen.com\/portal\/wp-json\/wp\/v2\/tags?post=273023"}],"curies":[{"name":"wp","href":"https:\/\/api.w.org\/{rel}","templated":true}]}}