{"id":273001,"date":"2019-09-05T11:22:59","date_gmt":"2019-09-05T09:22:59","guid":{"rendered":"http:\/\/www.pcnen.com\/portal\/?p=273001"},"modified":"2019-09-05T21:24:22","modified_gmt":"2019-09-05T19:24:22","slug":"ima-nade-vukovi-se-vracaju-u-eu","status":"publish","type":"post","link":"https:\/\/www.pcnen.com\/portal\/2019\/09\/05\/ima-nade-vukovi-se-vracaju-u-eu\/","title":{"rendered":"Ima nade \u2013 vukovi se vra\u0107aju u EU"},"content":{"rendered":"<p>U Njema\u010dkoj, gdje su vukovi istrijebljeni prije 150 godina, sada \u017eivi nekoliko desetina vu\u010djih \u010dopora, a n ekima od njih je Njema\u010dka postala mala.<\/p>\n<p>Tako se vu\u010dica Naja smestila u isto\u010dnoj Flandriji i \u010deka mladunce nakon \u0161to je pre\u0161la vi\u0161e stotina kilometara iz Njema\u010dke preko Holandije do Belgije. Kada je Naja 2018. stigla u Belgiju, bila je prvi vuk\/vu\u010dica u toj zemlji du\u017ee od vijeka.<\/p>\n<p>Najin slu\u010daj nije izolovan. I populacija drugih vrsta, poput dabra i evropskog bizona, ponovo raste u Evropi i te vrste se mnogo \u010de\u0161\u0107e prime\u0107uju u divljini.<\/p>\n","protected":false},"excerpt":{"rendered":"<p>I populacija drugih vrsta ponovo raste u Evropi<\/p>\n","protected":false},"author":1,"featured_media":273002,"comment_status":"open","ping_status":"closed","sticky":false,"template":"","format":"standard","meta":{"_seopress_robots_primary_cat":"","_seopress_titles_title":"","_seopress_titles_desc":"","_seopress_robots_index":"","_et_pb_use_builder":"","_et_pb_old_content":"","_et_gb_content_width":"","inline_featured_image":false,"footnotes":""},"categories":[14,12],"tags":[559,558,557],"class_list":["post-273001","post","type-post","status-publish","format-standard","has-post-thumbnail","hentry","category-vijesti","category-prica-dana","tag-copor","tag-eu","tag-vuk"],"_links":{"self":[{"href":"https:\/\/www.pcnen.com\/portal\/wp-json\/wp\/v2\/posts\/273001","targetHints":{"allow":["GET"]}}],"collection":[{"href":"https:\/\/www.pcnen.com\/portal\/wp-json\/wp\/v2\/posts"}],"about":[{"href":"https:\/\/www.pcnen.com\/portal\/wp-json\/wp\/v2\/types\/post"}],"author":[{"embeddable":true,"href":"https:\/\/www.pcnen.com\/portal\/wp-json\/wp\/v2\/users\/1"}],"replies":[{"embeddable":true,"href":"https:\/\/www.pcnen.com\/portal\/wp-json\/wp\/v2\/comments?post=273001"}],"version-history":[{"count":0,"href":"https:\/\/www.pcnen.com\/portal\/wp-json\/wp\/v2\/posts\/273001\/revisions"}],"wp:featuredmedia":[{"embeddable":true,"href":"https:\/\/www.pcnen.com\/portal\/wp-json\/wp\/v2\/media\/273002"}],"wp:attachment":[{"href":"https:\/\/www.pcnen.com\/portal\/wp-json\/wp\/v2\/media?parent=273001"}],"wp:term":[{"taxonomy":"category","embeddable":true,"href":"https:\/\/www.pcnen.com\/portal\/wp-json\/wp\/v2\/categories?post=273001"},{"taxonomy":"post_tag","embeddable":true,"href":"https:\/\/www.pcnen.com\/portal\/wp-json\/wp\/v2\/tags?post=273001"}],"curies":[{"name":"wp","href":"https:\/\/api.w.org\/{rel}","templated":true}]}}