{"id":272969,"date":"2019-09-04T22:10:20","date_gmt":"2019-09-04T20:10:20","guid":{"rendered":"http:\/\/www.pcnen.com\/portal\/?p=272969"},"modified":"2019-09-04T22:28:26","modified_gmt":"2019-09-04T20:28:26","slug":"popodne-ponegdje-moguca-kisa-i-grmljavina-2","status":"publish","type":"post","link":"https:\/\/www.pcnen.com\/portal\/2019\/09\/04\/popodne-ponegdje-moguca-kisa-i-grmljavina-2\/","title":{"rendered":"Popodne ponegdje ki\u0161a i grmljavina"},"content":{"rendered":"<p>Prete\u017eno sun\u010dano bi\u0107e u Crnoj Gori u \u010detvrtak, uz slab do umjeren razvoj obla\u010dnosti.<\/p>\n<p>Po kotlinama na sjeveru zemlje bi\u0107e ujutro magla ili pove\u0107ana niska obla\u010dnost. Popodne \u0107e ponegdje biti mogu\u0107a kratkotrajno ki\u0161a i grmljavina, prvenstveno u planinskim oblastima.<\/p>\n<p>Uglavnom slab vjetar mijenja\u0107e smjer. Sjeveroistonjak \u0107e u jutarnjim satima duvati na jugoistoku ze mlje.<\/p>\n<p>Jutarnja temperatura vazduha bi\u0107e u rasponu od 6 do 20, a najvi\u0161a dnevna od 20 do 33 stepena.<\/p>\n<blockquote><p>U Podgorici \u0107e biti prete\u017eno sun\u010dano, uz slab do umjeren razvoj dnevne obla\u010dnosti.<\/p>\n<p>Uglavnom slab vjetar bi\u0107e promjenljiv.<\/p>\n<p>Jutarnja temperatura vazduha bi\u0107e oko 19, a najvi\u0161a dnevna do 33 stepena.<\/p>\n<p><a href=\"http:\/\/www.meteo.co.me\/misc.php?text=121&amp;sektor=1&amp;grad=NIK\">Prognoza za ostale crnogorske gradove.<\/a><\/p><\/blockquote>\n","protected":false},"excerpt":{"rendered":"<p>Jutarnja temperatura vazduha bi\u0107e u rasponu od 6 do 20, a najvi\u0161a dnevna od 20 do 33 stepena.<\/p>\n","protected":false},"author":1,"featured_media":272974,"comment_status":"open","ping_status":"closed","sticky":false,"template":"","format":"standard","meta":{"_seopress_robots_primary_cat":"","_seopress_titles_title":"","_seopress_titles_desc":"","_seopress_robots_index":"","_et_pb_use_builder":"","_et_pb_old_content":"","_et_gb_content_width":"","inline_featured_image":false,"footnotes":""},"categories":[14,12],"tags":[],"class_list":["post-272969","post","type-post","status-publish","format-standard","has-post-thumbnail","hentry","category-vijesti","category-prica-dana"],"_links":{"self":[{"href":"https:\/\/www.pcnen.com\/portal\/wp-json\/wp\/v2\/posts\/272969","targetHints":{"allow":["GET"]}}],"collection":[{"href":"https:\/\/www.pcnen.com\/portal\/wp-json\/wp\/v2\/posts"}],"about":[{"href":"https:\/\/www.pcnen.com\/portal\/wp-json\/wp\/v2\/types\/post"}],"author":[{"embeddable":true,"href":"https:\/\/www.pcnen.com\/portal\/wp-json\/wp\/v2\/users\/1"}],"replies":[{"embeddable":true,"href":"https:\/\/www.pcnen.com\/portal\/wp-json\/wp\/v2\/comments?post=272969"}],"version-history":[{"count":0,"href":"https:\/\/www.pcnen.com\/portal\/wp-json\/wp\/v2\/posts\/272969\/revisions"}],"wp:featuredmedia":[{"embeddable":true,"href":"https:\/\/www.pcnen.com\/portal\/wp-json\/wp\/v2\/media\/272974"}],"wp:attachment":[{"href":"https:\/\/www.pcnen.com\/portal\/wp-json\/wp\/v2\/media?parent=272969"}],"wp:term":[{"taxonomy":"category","embeddable":true,"href":"https:\/\/www.pcnen.com\/portal\/wp-json\/wp\/v2\/categories?post=272969"},{"taxonomy":"post_tag","embeddable":true,"href":"https:\/\/www.pcnen.com\/portal\/wp-json\/wp\/v2\/tags?post=272969"}],"curies":[{"name":"wp","href":"https:\/\/api.w.org\/{rel}","templated":true}]}}