{"id":272950,"date":"2019-09-04T12:15:01","date_gmt":"2019-09-04T10:15:01","guid":{"rendered":"http:\/\/www.pcnen.com\/portal\/?p=272950"},"modified":"2019-09-04T12:15:01","modified_gmt":"2019-09-04T10:15:01","slug":"fb-ukida-softver-za-prepoznavanje-lica","status":"publish","type":"post","link":"https:\/\/www.pcnen.com\/portal\/2019\/09\/04\/fb-ukida-softver-za-prepoznavanje-lica\/","title":{"rendered":"FB ukida softver za prepoznavanje lica"},"content":{"rendered":"<p>Kompanija Fejsbuk je saop\u0161tila da ukida softver za prepoznavanje lica na fotografijama koja su postavili prijatelji na zidu korisnika\/ce koji im automatski sugeri\u0161e da ih \u2018taguje\u2019, prenose agencije.<\/p>\n<p>Umesto opcije \u2018\u2019ugestije za tagovanje&#8221;, FB \u0107e uvesti pode\u0161avanje za uokvirivanje lica za razli\u010dite potrebe, a ne samo za \u2018tagovanje\u2019.<\/p>\n<p>Korisnici Fejsbuka \u0107e mo\u0107i da uklju\u010de ili isklju\u010de ovu opciju. Oni koji uklju\u010de novu opciju, mo\u0107i \u0107e da vide obavje\u0161tenje o prepoznavanju lica, a tu \u0107e biti i dugme za isklju\u010divanje opcije.<\/p>\n<p>U Ilinoisu (SAD) protiv Fejsbuka podignuta je tu\u017eba zbog opcije \u2018sugestije za tagovanje\u2019, a savezni apelacioni sud je odlu\u010dio da postupak mo\u017ee da po\u010dne.<\/p>\n","protected":false},"excerpt":{"rendered":"<p>U Ilinoisu (SAD) protiv Fejsbuka podignuta je tu\u017eba zbog opcije \u2018sugestije za tagovanje<\/p>\n","protected":false},"author":1,"featured_media":272951,"comment_status":"open","ping_status":"closed","sticky":false,"template":"","format":"standard","meta":{"_seopress_robots_primary_cat":"","_seopress_titles_title":"","_seopress_titles_desc":"","_seopress_robots_index":"","_et_pb_use_builder":"","_et_pb_old_content":"","_et_gb_content_width":"","inline_featured_image":false,"footnotes":""},"categories":[14,12],"tags":[551,550],"class_list":["post-272950","post","type-post","status-publish","format-standard","has-post-thumbnail","hentry","category-vijesti","category-prica-dana","tag-fajzbuk","tag-tagovanje"],"_links":{"self":[{"href":"https:\/\/www.pcnen.com\/portal\/wp-json\/wp\/v2\/posts\/272950","targetHints":{"allow":["GET"]}}],"collection":[{"href":"https:\/\/www.pcnen.com\/portal\/wp-json\/wp\/v2\/posts"}],"about":[{"href":"https:\/\/www.pcnen.com\/portal\/wp-json\/wp\/v2\/types\/post"}],"author":[{"embeddable":true,"href":"https:\/\/www.pcnen.com\/portal\/wp-json\/wp\/v2\/users\/1"}],"replies":[{"embeddable":true,"href":"https:\/\/www.pcnen.com\/portal\/wp-json\/wp\/v2\/comments?post=272950"}],"version-history":[{"count":0,"href":"https:\/\/www.pcnen.com\/portal\/wp-json\/wp\/v2\/posts\/272950\/revisions"}],"wp:featuredmedia":[{"embeddable":true,"href":"https:\/\/www.pcnen.com\/portal\/wp-json\/wp\/v2\/media\/272951"}],"wp:attachment":[{"href":"https:\/\/www.pcnen.com\/portal\/wp-json\/wp\/v2\/media?parent=272950"}],"wp:term":[{"taxonomy":"category","embeddable":true,"href":"https:\/\/www.pcnen.com\/portal\/wp-json\/wp\/v2\/categories?post=272950"},{"taxonomy":"post_tag","embeddable":true,"href":"https:\/\/www.pcnen.com\/portal\/wp-json\/wp\/v2\/tags?post=272950"}],"curies":[{"name":"wp","href":"https:\/\/api.w.org\/{rel}","templated":true}]}}