{"id":272909,"date":"2019-09-03T18:47:28","date_gmt":"2019-09-03T16:47:28","guid":{"rendered":"http:\/\/www.pcnen.com\/portal\/?p=272909"},"modified":"2019-09-03T18:48:21","modified_gmt":"2019-09-03T16:48:21","slug":"ministarstvo-zdravlja-ne-misli-kao-miranovic","status":"publish","type":"post","link":"https:\/\/www.pcnen.com\/portal\/2019\/09\/03\/ministarstvo-zdravlja-ne-misli-kao-miranovic\/","title":{"rendered":"Ministarstvo zdravlja ne misli kao Miranovi\u0107"},"content":{"rendered":"<p>Ideja da \u0107e se izmijeniti uslovi i kriterijumi za studente medicine u Crnoj Gori, saop\u0161tena na godi\u0161njoj konferenciji Evropskog foruma medicinskih asocijacija (EFMA), nije stav Ministarstva zdravlja ni Vlade Crne Gore, saop\u0161teno je danas.<\/p>\n<p>\u201cJedinstveni stav Ministarstva zdravlja i dr\u017eave Crne Gore je da se na\u0111e efikasan na\u010din i model da se pobolj\u0161a standard zdravstvenih radnika, uklju\u010duju\u0107i i mogu\u0107nost pove\u0107anja zarada. U saradanji sa socijalnim partnerima-reprezentativnim sindikatima, Fondom za zdravstveno osiguranje i menad\u017ementima zdravstvenih ustanova, uz nedvosmislenu podr\u0161ku Vlade Crne Gore, radi se na iznala\u017eenju na\u010dina za pove\u0107anje zarada zaposlenih u zdravstvu. Na ovaj na\u010din ljekari \u0107e dobiti profesionalnu satisfakciju i imati ve\u0107u motivacu da svoj radni anga\u017eman nastave u Crnoj Gori. Da idemo u dobrom pravcu govori i \u010dinjenica da sve ve\u0107i broj ljekara iz centara iz okru\u017eenja iskazuje \u017eelju da svoj radni anga\u017eman zasnuje u ustanovama u okviru zdravstvenog sistema Crne Gore\u201d, <a href=\"http:\/\/www.mzd.gov.me\/vijesti\/208827\/SAOPsTENJE-Cilj-Ministarstva-zdravlja-je-bolji-standard-zdravstvenih-radnika.html\">saop\u0161teno je iz Ministarstva zdravlja.<\/a><\/p>\n<p>Generalna direktorica Direktorata za kontrolu kvaliteta zdravstvene za\u0161tite i unaprje\u0111enje ljudskih resursa u zdravstvu Vesna Miranovi\u0107 je prije nekoliko dana najavila da \u0107e studenti morati da odlu\u010de, kada po\u010dnu sa studijama, da li \u0107e ostati u Crnoj Gori poslije okon\u010danja studija. Ova njena izjava je o\u0161tro kritikovana u stru\u010dnim krugovima i lai\u010dkoj javnosti.<\/p>\n","protected":false},"excerpt":{"rendered":"<p>Miranovi\u0107 je prije nekoliko dana najavila da \u0107e studenti morati da odlu\u010de, kada po\u010dnu sa studijama, da li \u0107e ostati u Crnoj Gori poslije okon\u010danja studija<\/p>\n","protected":false},"author":1,"featured_media":272910,"comment_status":"open","ping_status":"closed","sticky":false,"template":"","format":"standard","meta":{"_seopress_robots_primary_cat":"","_seopress_titles_title":"","_seopress_titles_desc":"","_seopress_robots_index":"","_et_pb_use_builder":"","_et_pb_old_content":"","_et_gb_content_width":"","inline_featured_image":false,"footnotes":""},"categories":[14,12],"tags":[],"class_list":["post-272909","post","type-post","status-publish","format-standard","has-post-thumbnail","hentry","category-vijesti","category-prica-dana"],"_links":{"self":[{"href":"https:\/\/www.pcnen.com\/portal\/wp-json\/wp\/v2\/posts\/272909","targetHints":{"allow":["GET"]}}],"collection":[{"href":"https:\/\/www.pcnen.com\/portal\/wp-json\/wp\/v2\/posts"}],"about":[{"href":"https:\/\/www.pcnen.com\/portal\/wp-json\/wp\/v2\/types\/post"}],"author":[{"embeddable":true,"href":"https:\/\/www.pcnen.com\/portal\/wp-json\/wp\/v2\/users\/1"}],"replies":[{"embeddable":true,"href":"https:\/\/www.pcnen.com\/portal\/wp-json\/wp\/v2\/comments?post=272909"}],"version-history":[{"count":0,"href":"https:\/\/www.pcnen.com\/portal\/wp-json\/wp\/v2\/posts\/272909\/revisions"}],"wp:featuredmedia":[{"embeddable":true,"href":"https:\/\/www.pcnen.com\/portal\/wp-json\/wp\/v2\/media\/272910"}],"wp:attachment":[{"href":"https:\/\/www.pcnen.com\/portal\/wp-json\/wp\/v2\/media?parent=272909"}],"wp:term":[{"taxonomy":"category","embeddable":true,"href":"https:\/\/www.pcnen.com\/portal\/wp-json\/wp\/v2\/categories?post=272909"},{"taxonomy":"post_tag","embeddable":true,"href":"https:\/\/www.pcnen.com\/portal\/wp-json\/wp\/v2\/tags?post=272909"}],"curies":[{"name":"wp","href":"https:\/\/api.w.org\/{rel}","templated":true}]}}