{"id":272888,"date":"2019-09-03T18:12:00","date_gmt":"2019-09-03T16:12:00","guid":{"rendered":"http:\/\/www.pcnen.com\/portal\/?p=272888"},"modified":"2019-09-03T18:49:11","modified_gmt":"2019-09-03T16:49:11","slug":"mrtve-ribe-i-danas-plutaju-limom","status":"publish","type":"post","link":"https:\/\/www.pcnen.com\/portal\/2019\/09\/03\/mrtve-ribe-i-danas-plutaju-limom\/","title":{"rendered":"Mrtve ribe i danas plutaju Limom"},"content":{"rendered":"<p>Lokalni mediji\u00a0 izvje\u0161tavaju da rijekom Lim i danas plutaju mrtve ribe, u mnogo ve\u0107em obimu nego ju\u010de, \u0161to se vidi na novim video snimcima i fotografijama koje uradila nevladina organizacija Euromost.<\/p>\n<p>Predsjednik Sportsko-ribolovnog dru\u0161tva \u201cSinjavac\u201d Ismet Softi\u0107 je kazao da sumnjaju da je jutros trovanje nastavljeno.<\/p>\n<p>Aktivisti Euromosta su kazali da nikada ranije nije zabilje\u017eeno ovoliko trovanje ribe, da ona puna dva dana non stop mrtva pluta nizvodno, od industrijske zone pa sve do Gubav\u010da i nizvodno ka Srbiji i da je ovo ekolo\u0161ka katastrofa velikih razmjera, prenosi portal <a href=\"https:\/\/sjevercg.me\/video-foto-limom-i-danas-plutaju-mrtve-ribe-u-mnogo-vecem-broju-nego-juce\/\">sjevercg.me.<\/a><\/p>\n<p>Na pomor ribe u Limu <a href=\"http:\/\/www.pcnen.com\/portal\/2019\/09\/02\/neko-potrovao-ribe-u-limu\/\">upozoreno je ju\u010de<\/a>, a danas je lokalno tu\u017eila\u0161tvo pokrenulo izvi\u0111aj.<\/p>\n","protected":false},"excerpt":{"rendered":"<p>Ribolovci sumnjaju da je jutros trovanje nastavljeno<\/p>\n","protected":false},"author":1,"featured_media":272889,"comment_status":"open","ping_status":"closed","sticky":false,"template":"","format":"standard","meta":{"_seopress_robots_primary_cat":"","_seopress_titles_title":"","_seopress_titles_desc":"","_seopress_robots_index":"","_et_pb_use_builder":"","_et_pb_old_content":"","_et_gb_content_width":"","inline_featured_image":false,"footnotes":""},"categories":[14,12],"tags":[],"class_list":["post-272888","post","type-post","status-publish","format-standard","has-post-thumbnail","hentry","category-vijesti","category-prica-dana"],"_links":{"self":[{"href":"https:\/\/www.pcnen.com\/portal\/wp-json\/wp\/v2\/posts\/272888","targetHints":{"allow":["GET"]}}],"collection":[{"href":"https:\/\/www.pcnen.com\/portal\/wp-json\/wp\/v2\/posts"}],"about":[{"href":"https:\/\/www.pcnen.com\/portal\/wp-json\/wp\/v2\/types\/post"}],"author":[{"embeddable":true,"href":"https:\/\/www.pcnen.com\/portal\/wp-json\/wp\/v2\/users\/1"}],"replies":[{"embeddable":true,"href":"https:\/\/www.pcnen.com\/portal\/wp-json\/wp\/v2\/comments?post=272888"}],"version-history":[{"count":0,"href":"https:\/\/www.pcnen.com\/portal\/wp-json\/wp\/v2\/posts\/272888\/revisions"}],"wp:featuredmedia":[{"embeddable":true,"href":"https:\/\/www.pcnen.com\/portal\/wp-json\/wp\/v2\/media\/272889"}],"wp:attachment":[{"href":"https:\/\/www.pcnen.com\/portal\/wp-json\/wp\/v2\/media?parent=272888"}],"wp:term":[{"taxonomy":"category","embeddable":true,"href":"https:\/\/www.pcnen.com\/portal\/wp-json\/wp\/v2\/categories?post=272888"},{"taxonomy":"post_tag","embeddable":true,"href":"https:\/\/www.pcnen.com\/portal\/wp-json\/wp\/v2\/tags?post=272888"}],"curies":[{"name":"wp","href":"https:\/\/api.w.org\/{rel}","templated":true}]}}