{"id":27282,"date":"2008-12-08T12:16:15","date_gmt":"2008-12-08T12:16:15","guid":{"rendered":"http:\/\/www.pcnen.com\/portal\/?p=27282"},"modified":"2008-12-08T12:16:15","modified_gmt":"2008-12-08T12:16:15","slug":"danas-o-izboru-nacelnika-generalstaba","status":"publish","type":"post","link":"https:\/\/www.pcnen.com\/portal\/2008\/12\/08\/danas-o-izboru-nacelnika-generalstaba\/","title":{"rendered":"Danas o izboru na\u010delnika General\u0161taba"},"content":{"rendered":"<p>Savjet za odbranu i bezbijednost danas \u0107e razmatrati predlog za postavljenje na\u010delnika General&scaron;taba Vojske Crne Gore, a vr&scaron;ilac du\u017enosti je Dragan Samard\u017ei\u0107.<\/p>\n<p>Predsjednik Filip Vujanovi\u0107 i premijer Milo \u0110ukanovi\u0107 pozitivno su ocijenili rad Samard\u017ei\u0107a i najavili podr&scaron;ku za izbor na funkciju ne\u010delnika General&scaron;taba VCG.<\/p>\n<p>Predsjednik Skup&scaron;tine Ranko Krivokapi\u0107 rekao je da Samard\u017ei\u0107 ne bi trebalo da bude izabran na funkciju na\u010delnika General&scaron;taba VCG.<\/p>\n<p>On je kazao da bi bilo najbolje da za to mjesto konkuri&scaron;e vi&scaron;e kandidata i to onih &quot;bez partijskog zale\u0111a i spornih biografskih crtica iz ratnih devedesetih&quot;.<\/p>\n<p>Savjet za odbranu i bezbjednost \u010dine predsjednik Crne Gore, predsjednik Skup&scaron;tine i premijer.<\/p>\n<p>Sjednica Savjeta za odbranu i bezbijednost bi\u0107e odr\u017eana u 17:30 u vili &quot;Gorica&quot;. <\/p>\n","protected":false},"excerpt":{"rendered":"<p>Savjet za odbranu i bezbijednost danas \u0107e razmatrati predlog za postavljenje na\u010delnika General&scaron;taba Vojske Crne Gore, a vr&scaron;ilac du\u017enosti je Dragan Samard\u017ei\u0107. Predsjednik Filip Vujanovi\u0107 i premijer Milo \u0110ukanovi\u0107 pozitivno su ocijenili rad Samard\u017ei\u0107a i najavili podr&scaron;ku za izbor na funkciju ne\u010delnika General&scaron;taba VCG. Predsjednik Skup&scaron;tine Ranko Krivokapi\u0107 rekao je da Samard\u017ei\u0107 ne bi trebalo [&hellip;]<\/p>\n","protected":false},"author":1,"featured_media":0,"comment_status":"open","ping_status":"closed","sticky":false,"template":"","format":"standard","meta":{"_seopress_robots_primary_cat":"","_seopress_titles_title":"","_seopress_titles_desc":"","_seopress_robots_index":"","_et_pb_use_builder":"","_et_pb_old_content":"","_et_gb_content_width":"","inline_featured_image":false,"footnotes":""},"categories":[14],"tags":[],"class_list":["post-27282","post","type-post","status-publish","format-standard","hentry","category-vijesti"],"_links":{"self":[{"href":"https:\/\/www.pcnen.com\/portal\/wp-json\/wp\/v2\/posts\/27282","targetHints":{"allow":["GET"]}}],"collection":[{"href":"https:\/\/www.pcnen.com\/portal\/wp-json\/wp\/v2\/posts"}],"about":[{"href":"https:\/\/www.pcnen.com\/portal\/wp-json\/wp\/v2\/types\/post"}],"author":[{"embeddable":true,"href":"https:\/\/www.pcnen.com\/portal\/wp-json\/wp\/v2\/users\/1"}],"replies":[{"embeddable":true,"href":"https:\/\/www.pcnen.com\/portal\/wp-json\/wp\/v2\/comments?post=27282"}],"version-history":[{"count":0,"href":"https:\/\/www.pcnen.com\/portal\/wp-json\/wp\/v2\/posts\/27282\/revisions"}],"wp:attachment":[{"href":"https:\/\/www.pcnen.com\/portal\/wp-json\/wp\/v2\/media?parent=27282"}],"wp:term":[{"taxonomy":"category","embeddable":true,"href":"https:\/\/www.pcnen.com\/portal\/wp-json\/wp\/v2\/categories?post=27282"},{"taxonomy":"post_tag","embeddable":true,"href":"https:\/\/www.pcnen.com\/portal\/wp-json\/wp\/v2\/tags?post=27282"}],"curies":[{"name":"wp","href":"https:\/\/api.w.org\/{rel}","templated":true}]}}