{"id":272766,"date":"2019-09-02T19:52:12","date_gmt":"2019-09-02T17:52:12","guid":{"rendered":"http:\/\/www.pcnen.com\/portal\/?p=272766"},"modified":"2019-09-03T07:41:39","modified_gmt":"2019-09-03T05:41:39","slug":"stize-osvjezenje-2","status":"publish","type":"post","link":"https:\/\/www.pcnen.com\/portal\/2019\/09\/02\/stize-osvjezenje-2\/","title":{"rendered":"Sti\u017ee osvje\u017eenje"},"content":{"rendered":"<p>U utorak \u0107e biti umjereno do potpuno obla\u010dno u Crnoj Gori &#8211; prijepodne uglavnom suvo, a poslije podne i tokom no\u0107i pada\u0107e mjestimi\u010dno ki\u0161a ili \u0107e to biti pljuskovi sa grmljavinom.<\/p>\n<p>Vi\u0161e izgleda za ki\u0161u bi\u0107e u sjevernim krajevima zemlje.<\/p>\n<p>Umjeren do poja\u010dan sjeverni i sjeveroisto\u010dni vjetar duva\u0107e od sredine dana u sjevernim, a poslijepodne ili tokom no\u0107i i u ostalim krajevima Crne Gore.<\/p>\n<p>Jutarnja temperatura vazduha bi\u0107e u rasponu od 10 do 23, a najvi\u0161a dnevna od 18 do 31 stepen.<\/p>\n<blockquote><p>U Podgorici \u0107e biti umjereno do potpuno obla\u010dno, a kratkotrajno ki\u0161a i grmljavina bi\u0107e mogu\u0107a poslije podne ili tokom <img loading=\"lazy\" decoding=\"async\" class=\"alignright  wp-image-242488\" src=\"http:\/\/www.pcnen.com\/portal\/wp-content\/uploads\/2018\/03\/kisa-buba-mara-450x300.jpg\" alt=\"\" width=\"194\" height=\"129\" \/>no\u0107i.<\/p>\n<p>Vjetar \u0107e mijenjati smjer i bi\u0107e slab do umjeren, a krajem dana i tokom no\u0107i duva\u0107e umjeren do poja\u010dan sjeveroisto\u010dnjak.<\/p>\n<p>Jutarnja temperatura vazduha bi\u0107e oko 21, a najvi\u0161a dnevna do 29 stepeni.<\/p>\n<p><a href=\"http:\/\/www.meteo.co.me\/misc.php?text=121&amp;sektor=1&amp;grad=CET\">Prognoza za ostale crnogorske gradove.<\/a><\/p><\/blockquote>\n","protected":false},"excerpt":{"rendered":"<p>Vi\u0161e izgleda za ki\u0161u bi\u0107e u sjevernim krajevima zemlje<\/p>\n","protected":false},"author":1,"featured_media":272775,"comment_status":"open","ping_status":"closed","sticky":false,"template":"","format":"standard","meta":{"_seopress_robots_primary_cat":"","_seopress_titles_title":"","_seopress_titles_desc":"","_seopress_robots_index":"","_et_pb_use_builder":"","_et_pb_old_content":"","_et_gb_content_width":"","inline_featured_image":false,"footnotes":""},"categories":[14,12],"tags":[],"class_list":["post-272766","post","type-post","status-publish","format-standard","has-post-thumbnail","hentry","category-vijesti","category-prica-dana"],"_links":{"self":[{"href":"https:\/\/www.pcnen.com\/portal\/wp-json\/wp\/v2\/posts\/272766","targetHints":{"allow":["GET"]}}],"collection":[{"href":"https:\/\/www.pcnen.com\/portal\/wp-json\/wp\/v2\/posts"}],"about":[{"href":"https:\/\/www.pcnen.com\/portal\/wp-json\/wp\/v2\/types\/post"}],"author":[{"embeddable":true,"href":"https:\/\/www.pcnen.com\/portal\/wp-json\/wp\/v2\/users\/1"}],"replies":[{"embeddable":true,"href":"https:\/\/www.pcnen.com\/portal\/wp-json\/wp\/v2\/comments?post=272766"}],"version-history":[{"count":0,"href":"https:\/\/www.pcnen.com\/portal\/wp-json\/wp\/v2\/posts\/272766\/revisions"}],"wp:featuredmedia":[{"embeddable":true,"href":"https:\/\/www.pcnen.com\/portal\/wp-json\/wp\/v2\/media\/272775"}],"wp:attachment":[{"href":"https:\/\/www.pcnen.com\/portal\/wp-json\/wp\/v2\/media?parent=272766"}],"wp:term":[{"taxonomy":"category","embeddable":true,"href":"https:\/\/www.pcnen.com\/portal\/wp-json\/wp\/v2\/categories?post=272766"},{"taxonomy":"post_tag","embeddable":true,"href":"https:\/\/www.pcnen.com\/portal\/wp-json\/wp\/v2\/tags?post=272766"}],"curies":[{"name":"wp","href":"https:\/\/api.w.org\/{rel}","templated":true}]}}