{"id":272672,"date":"2019-09-01T12:30:55","date_gmt":"2019-09-01T10:30:55","guid":{"rendered":"http:\/\/www.pcnen.com\/portal\/?p=272672"},"modified":"2019-09-03T13:13:59","modified_gmt":"2019-09-03T11:13:59","slug":"vajs-bode-oci-ucestalost-koncesija-koje-dobijaju-dukanovicevi-rodaci","status":"publish","type":"post","link":"https:\/\/www.pcnen.com\/portal\/2019\/09\/01\/vajs-bode-oci-ucestalost-koncesija-koje-dobijaju-dukanovicevi-rodaci\/","title":{"rendered":"Vajs: Bode o\u010di u\u010destalost koncesija koje dobijaju \u0110ukanovi\u0107evi ro\u0111aci"},"content":{"rendered":"<p>Premijer neke od evropskih dr\u017eava suo\u010dio bi se sa masovnim protestima i morao bi podnijeti ostavku ako bi se utvrdilo da koncesije za mini-hidroelektrane, ili bilo koji drugi tender, u\u010destalo dobijaju ljudi sa njim povezani, rekao<a href=\"https:\/\/www.vijesti.me\/vijesti\/drustvo\/bode-oci-ucestalost-koncesija-koje-dobijaju-dukanovicevi-rodaci\"> je za Vijesti<\/a> poslanik Zelenih Evrope u Evropskom parlamentu u Briselu Tomas Vajs, obja\u0161njavaju\u0107i da \u201cu\u010destalost koncesija koje u Crnoj Gori dobijaju ro\u0111aci predsjednika Mila \u0110ukanovi\u0107a bode o\u010di\u201d.<\/p>\n<p><img loading=\"lazy\" decoding=\"async\" class=\"size-large wp-image-272458 aligncenter\" src=\"http:\/\/www.pcnen.com\/portal\/wp-content\/uploads\/2019\/08\/EU-zeleni-Durmitor-450x431.jpg\" alt=\"\" width=\"450\" height=\"431\" srcset=\"https:\/\/www.pcnen.com\/portal\/wp-content\/uploads\/2019\/08\/EU-zeleni-Durmitor-450x431.jpg 450w, https:\/\/www.pcnen.com\/portal\/wp-content\/uploads\/2019\/08\/EU-zeleni-Durmitor-300x288.jpg 300w, https:\/\/www.pcnen.com\/portal\/wp-content\/uploads\/2019\/08\/EU-zeleni-Durmitor-480x460.jpg 480w, https:\/\/www.pcnen.com\/portal\/wp-content\/uploads\/2019\/08\/EU-zeleni-Durmitor-235x225.jpg 235w, https:\/\/www.pcnen.com\/portal\/wp-content\/uploads\/2019\/08\/EU-zeleni-Durmitor-75x72.jpg 75w, https:\/\/www.pcnen.com\/portal\/wp-content\/uploads\/2019\/08\/EU-zeleni-Durmitor-350x335.jpg 350w, https:\/\/www.pcnen.com\/portal\/wp-content\/uploads\/2019\/08\/EU-zeleni-Durmitor-220x211.jpg 220w, https:\/\/www.pcnen.com\/portal\/wp-content\/uploads\/2019\/08\/EU-zeleni-Durmitor.jpg 720w\" sizes=\"(max-width: 450px) 100vw, 450px\" \/>Vajs je komentarisao to \u0161to je \u0110ukanovi\u0107, dok je bio premijer, potipisao koncesije za gradnju mini-hidroelektrana (mHE) svom sinu Bla\u017eu \u0110ukanovi\u0107u, i \u010dinjenicu da mHE na rijeci Bukovici planira graditi njegov brat od ujaka Milovan Maksimovi\u0107.<\/p>\n<p>Vajs je objasnio da \u0107e \u010dlanstvo Crne Gore u EU u velikoj mjeri zavisiti i od toga na koji na\u010din se brine o za\u0161titi \u017eivotne sredine, a da uni\u0161tavanje prirodnih resursa zna\u010dajno mo\u017ee uticati na dalje proces priklju\u010divanja, ali i da mo\u017ee usporiti ili stopirati pregovore.<\/p>\n<p>On je poru\u010dio crnogorskim vlastima da standardi za\u0161tite \u017eivotne sredine nisu proizvoljni i ne mogu se razlikovati od dr\u017eave do dr\u017eave, ve\u0107 su isti za sve \u010dlanice EU, ali i da nije optpimista da Crna Gora mo\u017ee da rije\u0161i poglavlje 27 sa ovakvom devastacijom \u017eivotne sredine, jer se na mjestima koje je obi\u0161ao o\u010digledno ne po\u0161tuju pravila o za\u0161titi \u017eivotne sredine niti evropski standardi iz tog poglavlja.<\/p>\n<p>Objasnio je i da \u0107e iskoristiti mehanizam \u201cpritisaka\u201d i za to poglavlje.<\/p>\n<p>\u201cDakle, o bilo kom aspektu da se radi &#8211; o slobodi medija, ljudskim pravima, vladavini prava pa i za\u0161titi \u017eivotne sredine, mi mo\u017eemo, i imamo pravo da zahtijevamo od va\u0161e Vlade da po\u0161tuje osnove tih procesa i osnove tih vrijednosti i da ih implementira na nacionalnom nivou. To isto radimo i sa svojim \u010dlanicama, a onda i sa onima koji \u017eele da se prudru\u017ee. U na\u0161oj kumnikaciji u Briselu, u okviru EU i na\u0161eg rada, mi \u0107emo komunicirati sa Evropskom komisijom, ostatkom parlamenta i kolegama o onome \u0161to smo ovdje vidjeli i saznali. Upravo zato smo ovdje, da ne bi zavisili samo od zvani\u010dnih izvje\u0161taja Crne Gore i EK u procesu pro\u0161irenja, nego da mo\u017eemo i na\u0161im o\u010dima da se uvjerimo, da vidimo \u0161ire od tog zvani\u010dnog izvje\u0161taja, da upoznamo lokalne pri\u010de, mje\u0161tane&#8230;kako bi imali bolje i dublje informcije o stanju na lokalu\u201d, rekao je Vajs.<\/p>\n","protected":false},"excerpt":{"rendered":"<p>Premijer neke od evropskih dr\u017eava suo\u010dio bi se sa masovnim protestima i morao bi podnijeti ostavku <\/p>\n","protected":false},"author":1,"featured_media":0,"comment_status":"open","ping_status":"closed","sticky":false,"template":"","format":"standard","meta":{"_seopress_robots_primary_cat":"","_seopress_titles_title":"","_seopress_titles_desc":"","_seopress_robots_index":"","_et_pb_use_builder":"","_et_pb_old_content":"","_et_gb_content_width":"","inline_featured_image":false,"footnotes":""},"categories":[14,12],"tags":[],"class_list":["post-272672","post","type-post","status-publish","format-standard","hentry","category-vijesti","category-prica-dana"],"_links":{"self":[{"href":"https:\/\/www.pcnen.com\/portal\/wp-json\/wp\/v2\/posts\/272672","targetHints":{"allow":["GET"]}}],"collection":[{"href":"https:\/\/www.pcnen.com\/portal\/wp-json\/wp\/v2\/posts"}],"about":[{"href":"https:\/\/www.pcnen.com\/portal\/wp-json\/wp\/v2\/types\/post"}],"author":[{"embeddable":true,"href":"https:\/\/www.pcnen.com\/portal\/wp-json\/wp\/v2\/users\/1"}],"replies":[{"embeddable":true,"href":"https:\/\/www.pcnen.com\/portal\/wp-json\/wp\/v2\/comments?post=272672"}],"version-history":[{"count":0,"href":"https:\/\/www.pcnen.com\/portal\/wp-json\/wp\/v2\/posts\/272672\/revisions"}],"wp:attachment":[{"href":"https:\/\/www.pcnen.com\/portal\/wp-json\/wp\/v2\/media?parent=272672"}],"wp:term":[{"taxonomy":"category","embeddable":true,"href":"https:\/\/www.pcnen.com\/portal\/wp-json\/wp\/v2\/categories?post=272672"},{"taxonomy":"post_tag","embeddable":true,"href":"https:\/\/www.pcnen.com\/portal\/wp-json\/wp\/v2\/tags?post=272672"}],"curies":[{"name":"wp","href":"https:\/\/api.w.org\/{rel}","templated":true}]}}