{"id":272660,"date":"2019-08-31T22:22:50","date_gmt":"2019-08-31T20:22:50","guid":{"rendered":"http:\/\/www.pcnen.com\/portal\/?p=272660"},"modified":"2019-08-31T22:22:50","modified_gmt":"2019-08-31T20:22:50","slug":"necu-da-idem-ucjenom-i-uslovljavanjima-tjerate-mlade-ljude","status":"publish","type":"post","link":"https:\/\/www.pcnen.com\/portal\/2019\/08\/31\/necu-da-idem-ucjenom-i-uslovljavanjima-tjerate-mlade-ljude\/","title":{"rendered":"Ne\u0107u da idem: Ucjenom i uslovljavanjima tjerate mlade ljude"},"content":{"rendered":"<p>Povodom izjave generalne direktorice Direktorata za kontrolu kvaliteta zdravstvene za\u0161tite i unapre\u0111enje ljudskih resursa u zdravstvu Vesne Miranovi\u0107 o namjerama sprovo\u0111enja politike da \u0107e se studenti medicine obavezivati da rade u Crnoj Gori da bi studirali, inicijativa \u2018Ne\u0107u da idem\u2019 (#ne\u0107udaidem) je ocijenila da je izjava Miranovi\u0107 ono \u0161to \u201ctjera mlade ljude iz ove zemlje\u201d.<\/p>\n<p><img loading=\"lazy\" decoding=\"async\" class=\"size-large wp-image-272661 aligncenter\" src=\"http:\/\/www.pcnen.com\/portal\/wp-content\/uploads\/2019\/08\/necu-da-idem-450x111.jpg\" alt=\"\" width=\"450\" height=\"111\" srcset=\"https:\/\/www.pcnen.com\/portal\/wp-content\/uploads\/2019\/08\/necu-da-idem-450x111.jpg 450w, https:\/\/www.pcnen.com\/portal\/wp-content\/uploads\/2019\/08\/necu-da-idem-300x74.jpg 300w, https:\/\/www.pcnen.com\/portal\/wp-content\/uploads\/2019\/08\/necu-da-idem-768x189.jpg 768w, https:\/\/www.pcnen.com\/portal\/wp-content\/uploads\/2019\/08\/necu-da-idem-480x118.jpg 480w, https:\/\/www.pcnen.com\/portal\/wp-content\/uploads\/2019\/08\/necu-da-idem-235x58.jpg 235w, https:\/\/www.pcnen.com\/portal\/wp-content\/uploads\/2019\/08\/necu-da-idem-75x18.jpg 75w, https:\/\/www.pcnen.com\/portal\/wp-content\/uploads\/2019\/08\/necu-da-idem-350x86.jpg 350w, https:\/\/www.pcnen.com\/portal\/wp-content\/uploads\/2019\/08\/necu-da-idem-220x54.jpg 220w, https:\/\/www.pcnen.com\/portal\/wp-content\/uploads\/2019\/08\/necu-da-idem.jpg 794w\" sizes=\"(max-width: 450px) 100vw, 450px\" \/><br \/>\n\u201cMladim ljudima se mora dati sloboda da sami odlu\u010duju gdje \u0107e studirati, kako \u0107e se usavr\u0161avati i, na kraju, gdje \u0107e raditi. Samo boljim uslovima mo\u017eemo ih motivisati da ostanu da rade u Crnoj Gori, dok pod pritiskom mo\u017eemo izazvati jedino kontra efekat\u201d, poru\u010deno je u reagovanju koje je potpisao Vuk Vujisi\u0107.<\/p>\n<p>Inicijativa \u2018Ne\u0107u da idem\u2019 skrenula je pa\u017enju na to da se politikom ucjena i uslovljavanja kr\u0161e ljudska prava studenata.<\/p>\n<p>\u201cUkoliko se sprovedu ove namjere, osta\u0107emo bez studenata medicine, samim tim i medicinskih radnika, koji sigurno ne\u0107e tro\u0161iti dragocjene godine \u017eivota kao i novac studiraju\u0107i da bi radili za platu od 500 eura, dok ih za isti trud u inostranstvu\u00a0 \u010deka plata od nekoliko hiljada eura\u201d.<\/p>\n<p>U reagovanju se poru\u010duje da \u201cmladi vole Crnu Goru i \u017eele da rade u njoj, ali im dr\u017eava mora omogu\u0107iti bolje uslove\u201d.<\/p>\n<p>Miranovi\u0107 je\u00a0 kontroverznu izjavu saop\u0161tila na godi\u0161njoj konferenciji Evropskog foruma medicinskih asocijacija (EFMA).<\/p>\n","protected":false},"excerpt":{"rendered":"<p>Inicijativa \u2018Ne\u0107u da idem\u2019 skrenula je pa\u017enju na to da se politikom ucjena i uslovljavanja kr\u0161e ljudska prava studenata<\/p>\n","protected":false},"author":1,"featured_media":0,"comment_status":"open","ping_status":"closed","sticky":false,"template":"","format":"standard","meta":{"_seopress_robots_primary_cat":"","_seopress_titles_title":"","_seopress_titles_desc":"","_seopress_robots_index":"","_et_pb_use_builder":"","_et_pb_old_content":"","_et_gb_content_width":"","inline_featured_image":false,"footnotes":""},"categories":[14,12],"tags":[],"class_list":["post-272660","post","type-post","status-publish","format-standard","hentry","category-vijesti","category-prica-dana"],"_links":{"self":[{"href":"https:\/\/www.pcnen.com\/portal\/wp-json\/wp\/v2\/posts\/272660","targetHints":{"allow":["GET"]}}],"collection":[{"href":"https:\/\/www.pcnen.com\/portal\/wp-json\/wp\/v2\/posts"}],"about":[{"href":"https:\/\/www.pcnen.com\/portal\/wp-json\/wp\/v2\/types\/post"}],"author":[{"embeddable":true,"href":"https:\/\/www.pcnen.com\/portal\/wp-json\/wp\/v2\/users\/1"}],"replies":[{"embeddable":true,"href":"https:\/\/www.pcnen.com\/portal\/wp-json\/wp\/v2\/comments?post=272660"}],"version-history":[{"count":0,"href":"https:\/\/www.pcnen.com\/portal\/wp-json\/wp\/v2\/posts\/272660\/revisions"}],"wp:attachment":[{"href":"https:\/\/www.pcnen.com\/portal\/wp-json\/wp\/v2\/media?parent=272660"}],"wp:term":[{"taxonomy":"category","embeddable":true,"href":"https:\/\/www.pcnen.com\/portal\/wp-json\/wp\/v2\/categories?post=272660"},{"taxonomy":"post_tag","embeddable":true,"href":"https:\/\/www.pcnen.com\/portal\/wp-json\/wp\/v2\/tags?post=272660"}],"curies":[{"name":"wp","href":"https:\/\/api.w.org\/{rel}","templated":true}]}}