{"id":272647,"date":"2019-08-31T12:12:50","date_gmt":"2019-08-31T10:12:50","guid":{"rendered":"http:\/\/www.pcnen.com\/portal\/?p=272647"},"modified":"2019-08-31T17:12:30","modified_gmt":"2019-08-31T15:12:30","slug":"haradinaj-bio-sam-primoran-da-podnesem-ostavku","status":"publish","type":"post","link":"https:\/\/www.pcnen.com\/portal\/2019\/08\/31\/haradinaj-bio-sam-primoran-da-podnesem-ostavku\/","title":{"rendered":"Haradinaj: Bio sam primoran da podnesem ostavku"},"content":{"rendered":"<p>Odlaze\u0107i premijer Kosova Ramu\u0161 Haradinaj je prvi put priznao da je bio primoran da podnese ostavku zbog me\u0111unarodnog pritiska.<\/p>\n<p>Haradinaj tvrdi da je bio primoran da<a href=\"http:\/\/www.pcnen.com\/portal\/2019\/07\/19\/haradinaj-podnio-ostavku\/\"> podnese ostavku<\/a> zbog pritiska u vezi sa ukidanjem <a href=\"http:\/\/www.pcnen.com\/portal\/2018\/11\/21\/kosovo-povecalo-taksu-na-uvoz-proizvoda-iz-srbije-sa-10-na-100-odsto\/\">taksi od 100 odsto na<\/a> robu iz Srbije i BiH, prenosi Tanjug pisanje pri\u0161tinske Gazeta expres.<\/p>\n<p><img loading=\"lazy\" decoding=\"async\" class=\"alignright size-full wp-image-106654\" src=\"http:\/\/www.pcnen.com\/portal\/wp-content\/uploads\/2013\/02\/ostavka.jpg\" alt=\"\" width=\"300\" height=\"225\" \/>Haradinaj je u intervjuu za EkonomiksOnline kritikovao zemlje Kvinte, koje vr\u0161e stalne pritiske na Pri\u0161tinu, ali ne i na Beograd.<\/p>\n<p>On tvrdi da \u0107e, ako se takav pritisak nastavi, do\u0107i do destabilizacije Balkana.<\/p>\n<p>&#8220;Zemlje Kvinte su saveznici Kosova, ali su zainteresovane za dobre odnose sa Srbijom. Oni moraju da shvate da ne treba vr\u0161iti pritisak na Kosovo jer je taj pritisak \u010dudnim mjerama primorao vladu da podnese ostavku. Ako \u017eele destabilizaciju Kosova ili povratak krize na Balkan, oni to mogu u\u010diniti, ali tu ne pobje\u0111uje ni Kosovo, ni region, ni me\u0111unarodna zajednica. Do\u0161li su do svog cilja, mogu nas ubiti ako \u017eele, ali vi\u0161e ne mogu da nas ubijede pod pritiskom&#8221;, rekao je Haradinaj.<\/p>\n<p>On je smatra da zemlje Kvinte moraju da vrate pritisak na Srbiju, koja nedvosmisleno uslovljavala po\u010dinjanje dijaloga ukidanjem taksi.<\/p>\n<p>&#8220;\u0160ta \u0107e nam onda tra\u017eiti za priznanje, ako samo za po\u010detak dijaloga tra\u017ee tr\u017ei\u0161te&#8221;, ka\u017ee Haradinaj.<\/p>\n","protected":false},"excerpt":{"rendered":"<p>Haradinaj je prvi put priznao da je bio primoran da podnese ostavku zbog me\u0111unarodnog pritiska<\/p>\n","protected":false},"author":1,"featured_media":0,"comment_status":"open","ping_status":"closed","sticky":false,"template":"","format":"standard","meta":{"_seopress_robots_primary_cat":"","_seopress_titles_title":"","_seopress_titles_desc":"","_seopress_robots_index":"","_et_pb_use_builder":"","_et_pb_old_content":"","_et_gb_content_width":"","inline_featured_image":false,"footnotes":""},"categories":[14,12],"tags":[],"class_list":["post-272647","post","type-post","status-publish","format-standard","hentry","category-vijesti","category-prica-dana"],"_links":{"self":[{"href":"https:\/\/www.pcnen.com\/portal\/wp-json\/wp\/v2\/posts\/272647","targetHints":{"allow":["GET"]}}],"collection":[{"href":"https:\/\/www.pcnen.com\/portal\/wp-json\/wp\/v2\/posts"}],"about":[{"href":"https:\/\/www.pcnen.com\/portal\/wp-json\/wp\/v2\/types\/post"}],"author":[{"embeddable":true,"href":"https:\/\/www.pcnen.com\/portal\/wp-json\/wp\/v2\/users\/1"}],"replies":[{"embeddable":true,"href":"https:\/\/www.pcnen.com\/portal\/wp-json\/wp\/v2\/comments?post=272647"}],"version-history":[{"count":0,"href":"https:\/\/www.pcnen.com\/portal\/wp-json\/wp\/v2\/posts\/272647\/revisions"}],"wp:attachment":[{"href":"https:\/\/www.pcnen.com\/portal\/wp-json\/wp\/v2\/media?parent=272647"}],"wp:term":[{"taxonomy":"category","embeddable":true,"href":"https:\/\/www.pcnen.com\/portal\/wp-json\/wp\/v2\/categories?post=272647"},{"taxonomy":"post_tag","embeddable":true,"href":"https:\/\/www.pcnen.com\/portal\/wp-json\/wp\/v2\/tags?post=272647"}],"curies":[{"name":"wp","href":"https:\/\/api.w.org\/{rel}","templated":true}]}}