{"id":272598,"date":"2019-08-30T12:48:33","date_gmt":"2019-08-30T10:48:33","guid":{"rendered":"http:\/\/www.pcnen.com\/portal\/?p=272598"},"modified":"2019-08-30T12:50:23","modified_gmt":"2019-08-30T10:50:23","slug":"opstrukcija-umjesto-civilizacijske-perspektive-i-humanitarne-dimenzije","status":"publish","type":"post","link":"https:\/\/www.pcnen.com\/portal\/2019\/08\/30\/opstrukcija-umjesto-civilizacijske-perspektive-i-humanitarne-dimenzije\/","title":{"rendered":"Opstrukcija umjesto civilizacijske perspektive i humanitarne dimenzije"},"content":{"rendered":"<p>Koalicija za REKOM pozvala je vlade post-jugoslovenskih zemalja da pokrenu zajedni\u010dku akciju rje\u0161avanja sudbine 10.167 nestalih osoba u vezi sa ratovima na podru\u010dju Hrvatske, Bosne i Hercegovine (BiH) i Kosova.<\/p>\n<p>Kako se navodi u javnom obra\u0107anju, najmanje 1.300 osoba je posljednji put vi\u0111eno u nekom od zato\u010deni\u010dkih objekata u BiH.<\/p>\n<p>\u201cPreduslov je da vladine komisije prestanu da istupaju kao glasnogovornici interesa partija na vlasti, te da se prema svim \u017ertvama odnose jednako va\u017eno i u interesu porodica i javnosti da znaju sudbinu nestalih\u201d, poru\u010dili su iz Koalicija za REKOM.<\/p>\n<p><img loading=\"lazy\" decoding=\"async\" class=\"size-full wp-image-81987 alignleft\" src=\"http:\/\/www.pcnen.com\/portal\/wp-content\/uploads\/2012\/04\/REKOM.jpg\" alt=\"\" width=\"296\" height=\"170\" \/>To \u0161to su u ovoj godini identifikovani posmrtni ostaci samo 85 osoba, i to 60 nestalih u ratu u BiH i 25 nestalih na podru\u010dju Hrvatske, prema mi\u0161ljenju Koalicije za REKOM, \u201cukazuje na\u00a0 savez u opstrukciji\u00a0 rje\u0161avanja te\u0161kog naslje\u0111a zajedni\u010dke pro\u0161losti\u201d. \u201cZabrinjava praksa da se ne pokre\u0107u ekshumacije poznatih lokacija masovnih grobnica. Ima ozbiljnih indicija da odre\u0111ene dr\u017eavne institucije, kao \u0161to su Ministarstvo odbrane Republike Srbije, i komandanti ratnih formacija raspola\u017eu podacima o ve\u0107em broju lokacija masovnih grobnica, ali da se te informacije \u010duvaju u okviru \u2018slu\u017ebenih tajni\u2019 i privatnih arhiva\u201d.<\/p>\n<p>Koalicija za REKOM je posebno upozorila na ekstremnu politizaciju pitanje nestalih u vezi sa ratom na Kosovu, te da \u201dpoliti\u010dari i lideri udru\u017eenja \u017ertava pove\u0107avaju broj nestalih iz svoje etni\u010dke zajednice, da provladini mediji poja\u010davaju uvjerenje da su samo jedni \u017ertve a drugi \u2018zlo\u010dinci\u2019, i da je potpuno izgubljena civilizacijska perspektiva i humanitarna dimenzija problema nestalih osoba\u201d.<\/p>\n<p><img loading=\"lazy\" decoding=\"async\" class=\"wp-image-199223 alignleft\" src=\"http:\/\/www.pcnen.com\/portal\/wp-content\/uploads\/2016\/02\/zlocin-450x289.jpg\" alt=\"\" width=\"291\" height=\"187\" \/><\/p>\n<p>Prema podacima Fonda za humanitarno prvo (FHP) iz Beograda i FHP Kosovo, sudbina 1.669 osoba nestalih u vezu sa ratom na Kosovu je jo\u0161 uvek nepoznata (1,100 Albanaca, 419 Srba i 150 ostalih). Me\u0111u nestalima je 264 \u017eena, 287 osoba starosti do 25 godina, 466 osoba u dobi od 41 do 60 godin i 469 osoba koji su u vrijeme nestanka bili stariji od 60 godina.<\/p>\n<p><a href=\"https:\/\/www.recom.link\/sr\/o-rekom-sr\/sta-je-koalicija-za-rekom\/\"><\/p>\n<blockquote><p>Koalicija za REKOM je mre\u017ea organizacija civilnog dru\u0161tva (OCD) i istaknutih pojedinaca\/pojedinki iz postjugoslovenskih zemalja koji se zala\u017eu za osnivanje Regionalne komisije za utvr\u0111ivanje \u010dinjenica o ratnim zlo\u010dinima i drugim te\u0161kim povredama ljudskih prava po\u010dinjenim na teritoriji biv\u0161e SFRJ od 1. januara 1991. do 31. decembra 2001. godine.(REKOM)<\/p><\/blockquote>\n<p><\/a><\/p>\n","protected":false},"excerpt":{"rendered":"<p>Koalicije za REKOM \u201cukazuje na  savez u opstrukciji  rje\u0161avanja te\u0161kog naslje\u0111a zajedni\u010dke pro\u0161losti\u201d<\/p>\n","protected":false},"author":1,"featured_media":0,"comment_status":"open","ping_status":"closed","sticky":false,"template":"","format":"standard","meta":{"_seopress_robots_primary_cat":"","_seopress_titles_title":"","_seopress_titles_desc":"","_seopress_robots_index":"","_et_pb_use_builder":"","_et_pb_old_content":"","_et_gb_content_width":"","inline_featured_image":false,"footnotes":""},"categories":[14,12],"tags":[],"class_list":["post-272598","post","type-post","status-publish","format-standard","hentry","category-vijesti","category-prica-dana"],"_links":{"self":[{"href":"https:\/\/www.pcnen.com\/portal\/wp-json\/wp\/v2\/posts\/272598","targetHints":{"allow":["GET"]}}],"collection":[{"href":"https:\/\/www.pcnen.com\/portal\/wp-json\/wp\/v2\/posts"}],"about":[{"href":"https:\/\/www.pcnen.com\/portal\/wp-json\/wp\/v2\/types\/post"}],"author":[{"embeddable":true,"href":"https:\/\/www.pcnen.com\/portal\/wp-json\/wp\/v2\/users\/1"}],"replies":[{"embeddable":true,"href":"https:\/\/www.pcnen.com\/portal\/wp-json\/wp\/v2\/comments?post=272598"}],"version-history":[{"count":0,"href":"https:\/\/www.pcnen.com\/portal\/wp-json\/wp\/v2\/posts\/272598\/revisions"}],"wp:attachment":[{"href":"https:\/\/www.pcnen.com\/portal\/wp-json\/wp\/v2\/media?parent=272598"}],"wp:term":[{"taxonomy":"category","embeddable":true,"href":"https:\/\/www.pcnen.com\/portal\/wp-json\/wp\/v2\/categories?post=272598"},{"taxonomy":"post_tag","embeddable":true,"href":"https:\/\/www.pcnen.com\/portal\/wp-json\/wp\/v2\/tags?post=272598"}],"curies":[{"name":"wp","href":"https:\/\/api.w.org\/{rel}","templated":true}]}}