{"id":272557,"date":"2019-08-29T22:01:36","date_gmt":"2019-08-29T20:01:36","guid":{"rendered":"http:\/\/www.pcnen.com\/portal\/?p=272557"},"modified":"2019-08-29T22:05:16","modified_gmt":"2019-08-29T20:05:16","slug":"veoma-toplo-23","status":"publish","type":"post","link":"https:\/\/www.pcnen.com\/portal\/2019\/08\/29\/veoma-toplo-23\/","title":{"rendered":"Veoma toplo"},"content":{"rendered":"<p>Prete\u017eno sun\u010dano ili malo do umjereno obla\u010dno i veoma toplo bi\u0107e u petak u Crnoj Gori.<\/p>\n<p>Magle ili sumaglice bi\u0107e ujutro po kotlinama na sjeveru zemlje.<\/p>\n<p>Promjenljiv vjetar bi\u0107e slab do umjeren. Nave\u010de \u0107e duvati sa sjevera i sjeveroistoka.<\/p>\n<p><img loading=\"lazy\" decoding=\"async\" class=\"size-large wp-image-224222 aligncenter\" src=\"http:\/\/www.pcnen.com\/portal\/wp-content\/uploads\/2017\/04\/toples-plaza-450x330.jpg\" alt=\"\" width=\"450\" height=\"330\" \/><\/p>\n<p>Jutarnja temperatura vazduha bi\u0107e u rasponu od 11 do 23, a najvi\u0161a dnevna od 25 do 37 stepeni.<\/p>\n<blockquote><p>U Podgorici \u0107e biti malo do umjereno obla\u010dno sa du\u017eim sun\u010danim intervalima.<\/p>\n<p>Vjetar promjenljivog smjera bi\u0107e slab do umjeren.<\/p>\n<p>Jutarnja temperatura vazduha bi\u0107e oko 23, a najvi\u0161a dnevna do 37 stepeni.<\/p>\n<p><a href=\"http:\/\/www.meteo.co.me\/misc.php?text=121&amp;sektor=1&amp;grad=KOL\">Prognoza za ostale gradove.<\/a><\/p><\/blockquote>\n","protected":false},"excerpt":{"rendered":"<p>Magle ili sumaglice bi\u0107e ujutro po kotlinama na sjeveru Crne Gore<\/p>\n","protected":false},"author":1,"featured_media":0,"comment_status":"open","ping_status":"closed","sticky":false,"template":"","format":"standard","meta":{"_seopress_robots_primary_cat":"","_seopress_titles_title":"","_seopress_titles_desc":"","_seopress_robots_index":"","_et_pb_use_builder":"","_et_pb_old_content":"","_et_gb_content_width":"","inline_featured_image":false,"footnotes":""},"categories":[14,12],"tags":[],"class_list":["post-272557","post","type-post","status-publish","format-standard","hentry","category-vijesti","category-prica-dana"],"_links":{"self":[{"href":"https:\/\/www.pcnen.com\/portal\/wp-json\/wp\/v2\/posts\/272557","targetHints":{"allow":["GET"]}}],"collection":[{"href":"https:\/\/www.pcnen.com\/portal\/wp-json\/wp\/v2\/posts"}],"about":[{"href":"https:\/\/www.pcnen.com\/portal\/wp-json\/wp\/v2\/types\/post"}],"author":[{"embeddable":true,"href":"https:\/\/www.pcnen.com\/portal\/wp-json\/wp\/v2\/users\/1"}],"replies":[{"embeddable":true,"href":"https:\/\/www.pcnen.com\/portal\/wp-json\/wp\/v2\/comments?post=272557"}],"version-history":[{"count":0,"href":"https:\/\/www.pcnen.com\/portal\/wp-json\/wp\/v2\/posts\/272557\/revisions"}],"wp:attachment":[{"href":"https:\/\/www.pcnen.com\/portal\/wp-json\/wp\/v2\/media?parent=272557"}],"wp:term":[{"taxonomy":"category","embeddable":true,"href":"https:\/\/www.pcnen.com\/portal\/wp-json\/wp\/v2\/categories?post=272557"},{"taxonomy":"post_tag","embeddable":true,"href":"https:\/\/www.pcnen.com\/portal\/wp-json\/wp\/v2\/tags?post=272557"}],"curies":[{"name":"wp","href":"https:\/\/api.w.org\/{rel}","templated":true}]}}