{"id":272518,"date":"2019-08-29T09:39:22","date_gmt":"2019-08-29T07:39:22","guid":{"rendered":"http:\/\/www.pcnen.com\/portal\/?p=272518"},"modified":"2019-08-29T09:39:22","modified_gmt":"2019-08-29T07:39:22","slug":"nova-korupcionaska-afera-u-budvi","status":"publish","type":"post","link":"https:\/\/www.pcnen.com\/portal\/2019\/08\/29\/nova-korupcionaska-afera-u-budvi\/","title":{"rendered":"Nova korupciona\u0161ka afera u Budvi"},"content":{"rendered":"<p>Jedan od biv\u0161ih \u010delnika Op\u0161tine Budva je progovorio pred specijalnim tu\u017eiocima kako i zbog \u010dega je prije 11 godina iz gradske kase pla\u0107eno 2.800.000 eura kredita nepoznate firme iz Urugvaja, ali i kako je estradni menad\u017eer Radomir Raka Mari\u0107 sa 700.000 eura pomogao lokalnoj upravi u tom poslu, <a href=\"https:\/\/www.vijesti.me\/vijesti\/crna-hronika\/u-budvi-ponovo-zveckaju-lisice\">pi\u0161u Vijesti.<\/a><\/p>\n<p><img loading=\"lazy\" decoding=\"async\" class=\"size-full wp-image-136799 alignleft\" src=\"http:\/\/www.pcnen.com\/portal\/wp-content\/uploads\/2014\/02\/korupcija.jpg\" alt=\"\" width=\"332\" height=\"152\" \/>Time je, konstatuje se u tekstu, prakti\u010dno otvorena nova korupciona\u0161ka afera u metropoli turizma, jer tu milionsku trasakciju nije odobrio lokalni parlament, niti se konkretno zna ko stoji iza firme kojoj je pokriven kredit.<\/p>\n<p>Neimenovani izvor Vijesti je kazao da se ovim povodom uskoro mogu o\u010dekivati hap\u0161enja.<\/p>\n","protected":false},"excerpt":{"rendered":"<p>Neimenovani izvor Vijesti je kazao da se ovim povodom uskoro mogu o\u010dekivati hap\u0161enja<\/p>\n","protected":false},"author":1,"featured_media":272519,"comment_status":"open","ping_status":"closed","sticky":false,"template":"","format":"standard","meta":{"_seopress_robots_primary_cat":"","_seopress_titles_title":"","_seopress_titles_desc":"","_seopress_robots_index":"","_et_pb_use_builder":"","_et_pb_old_content":"","_et_gb_content_width":"","inline_featured_image":false,"footnotes":""},"categories":[14,12],"tags":[],"class_list":["post-272518","post","type-post","status-publish","format-standard","has-post-thumbnail","hentry","category-vijesti","category-prica-dana"],"_links":{"self":[{"href":"https:\/\/www.pcnen.com\/portal\/wp-json\/wp\/v2\/posts\/272518","targetHints":{"allow":["GET"]}}],"collection":[{"href":"https:\/\/www.pcnen.com\/portal\/wp-json\/wp\/v2\/posts"}],"about":[{"href":"https:\/\/www.pcnen.com\/portal\/wp-json\/wp\/v2\/types\/post"}],"author":[{"embeddable":true,"href":"https:\/\/www.pcnen.com\/portal\/wp-json\/wp\/v2\/users\/1"}],"replies":[{"embeddable":true,"href":"https:\/\/www.pcnen.com\/portal\/wp-json\/wp\/v2\/comments?post=272518"}],"version-history":[{"count":0,"href":"https:\/\/www.pcnen.com\/portal\/wp-json\/wp\/v2\/posts\/272518\/revisions"}],"wp:featuredmedia":[{"embeddable":true,"href":"https:\/\/www.pcnen.com\/portal\/wp-json\/wp\/v2\/media\/272519"}],"wp:attachment":[{"href":"https:\/\/www.pcnen.com\/portal\/wp-json\/wp\/v2\/media?parent=272518"}],"wp:term":[{"taxonomy":"category","embeddable":true,"href":"https:\/\/www.pcnen.com\/portal\/wp-json\/wp\/v2\/categories?post=272518"},{"taxonomy":"post_tag","embeddable":true,"href":"https:\/\/www.pcnen.com\/portal\/wp-json\/wp\/v2\/tags?post=272518"}],"curies":[{"name":"wp","href":"https:\/\/api.w.org\/{rel}","templated":true}]}}