{"id":272456,"date":"2019-08-28T14:34:00","date_gmt":"2019-08-28T12:34:00","guid":{"rendered":"http:\/\/www.pcnen.com\/portal\/?p=272456"},"modified":"2019-08-28T14:34:46","modified_gmt":"2019-08-28T12:34:46","slug":"evropski-zeleni-srecni-sto-je-sacuvano-crno-jezero","status":"publish","type":"post","link":"https:\/\/www.pcnen.com\/portal\/2019\/08\/28\/evropski-zeleni-srecni-sto-je-sacuvano-crno-jezero\/","title":{"rendered":"Evropski zeleni sre\u0107ni \u0161to je sa\u010duvano Crno jezero"},"content":{"rendered":"<p>\u201cIznena\u0111en sam da je neko poku\u0161ao da gradi na Crnom jezeru, na prostoru koji je pod zastitom UNESKO-ai sre\u0107an sam \u0161to je incijativa za zastitu jezera uspjela\u201d, kazao je, u izjavi za portal PCNEN, Tomas Vajs, \u010dlan delegacije Europian Green partije i njen poslanik u Evropskom parlamentu.<\/p>\n<p>\u201cTo pokazuje\u201d, dodao je Vajs, \u201cda uz saradnju gra\u0111anskih aktivista i ostalih organizacija bez politicke konotacije mogu\u0107e je zaustaviti eksplataciju i sa\u010duvati prirodne ljepote. Prirodu moramo \u010duvati za budu\u0107e generacije. Stvaranjem odgovornog dru\u0161tva \u010duvamo prirodu, ali saradnja je neophodna da bi do toga do\u0161lo\u201d.<\/p>\n<p>Delegacija Europian Green partije je danas obi\u0161la Crno jezero, zajedno sa ekolo\u0161kim i gra\u0111anskim aktivistima iz Koalicije za odr\u017eivi razvoj (KOR) i ljudima iz vrha opozicione partije URA.<\/p>\n<p><img loading=\"lazy\" decoding=\"async\" class=\"alignright size-medium wp-image-272458\" src=\"http:\/\/www.pcnen.com\/portal\/wp-content\/uploads\/2019\/08\/EU-zeleni-Durmitor-300x288.jpg\" alt=\"\" width=\"300\" height=\"288\" srcset=\"https:\/\/www.pcnen.com\/portal\/wp-content\/uploads\/2019\/08\/EU-zeleni-Durmitor-300x288.jpg 300w, https:\/\/www.pcnen.com\/portal\/wp-content\/uploads\/2019\/08\/EU-zeleni-Durmitor-450x431.jpg 450w, https:\/\/www.pcnen.com\/portal\/wp-content\/uploads\/2019\/08\/EU-zeleni-Durmitor-480x460.jpg 480w, https:\/\/www.pcnen.com\/portal\/wp-content\/uploads\/2019\/08\/EU-zeleni-Durmitor-235x225.jpg 235w, https:\/\/www.pcnen.com\/portal\/wp-content\/uploads\/2019\/08\/EU-zeleni-Durmitor-75x72.jpg 75w, https:\/\/www.pcnen.com\/portal\/wp-content\/uploads\/2019\/08\/EU-zeleni-Durmitor-350x335.jpg 350w, https:\/\/www.pcnen.com\/portal\/wp-content\/uploads\/2019\/08\/EU-zeleni-Durmitor-220x211.jpg 220w, https:\/\/www.pcnen.com\/portal\/wp-content\/uploads\/2019\/08\/EU-zeleni-Durmitor.jpg 720w\" sizes=\"(max-width: 300px) 100vw, 300px\" \/>Aktivisti su\u00a0 delegaciju upoznali sa NP \u2018Durmitor\u2019 i borbom koja je vo\u0111ena za o\u010duvanje Crnog jezera, na \u010dijoj obali je bila planirana gradnja objekata.<\/p>\n<p>Delegacija je vidno odu\u0161evljena prirodnim ljepotama ovog kraja i odlu\u010dno podr\u017eavaju borbu za ekolo\u0161ku Crnu Goru.<\/p>\n<p>Crnogorski civilni aktivisti su izrazili nadu u podr\u0161ku Zelenih Evrope.<\/p>\n<p>\u201cVeliko je zadovoljstvo biti na Crnom jezeru, na jednom od najljep\u0161ih prostora Crne\u00a0 Gore, sa predstavnicima iz\u00a0 Zelenih Evrope i predstavnicima civilnog sektora iz Crne Gore. Ovo je pravi pokazatelj da je saradnja\u00a0 civilnog sektora, partija i aktivista u borbi za prirodne ljepote mogu\u0107a\u201d, kazao je lider URA Dritan Abazovi\u0107<\/p>\n<p>Delegacija Europian Green partije boravi u Crnoj Gori dva dana na poziv\u00a0 URA.<\/p>\n<p>Delegacija je <a href=\"http:\/\/www.pcnen.com\/portal\/2019\/08\/26\/evropski-zeleni-u-ulcinju\/\">ju\u010de bila u Ulcinju<\/a>, gdje je posjetila tamo\u0161nju Solanu, za \u010diju za\u0161titu je EU veoma zainteresovana<\/p>\n<p><strong>V.Vujisi\u0107<\/strong><\/p>\n","protected":false},"excerpt":{"rendered":"<p>Delegacija Europian Green partije je danas obi\u0161la Crno jezero, zajedno sa ekolo\u0161kim i gra\u0111anskim aktivistima iz Koalicije za odr\u017eivi razvoj (KOR) i ljudima iz vrha opozicione partije URA<\/p>\n","protected":false},"author":1,"featured_media":0,"comment_status":"open","ping_status":"closed","sticky":false,"template":"","format":"standard","meta":{"_seopress_robots_primary_cat":"","_seopress_titles_title":"","_seopress_titles_desc":"","_seopress_robots_index":"","_et_pb_use_builder":"","_et_pb_old_content":"","_et_gb_content_width":"","inline_featured_image":false,"footnotes":""},"categories":[14,12],"tags":[],"class_list":["post-272456","post","type-post","status-publish","format-standard","hentry","category-vijesti","category-prica-dana"],"_links":{"self":[{"href":"https:\/\/www.pcnen.com\/portal\/wp-json\/wp\/v2\/posts\/272456","targetHints":{"allow":["GET"]}}],"collection":[{"href":"https:\/\/www.pcnen.com\/portal\/wp-json\/wp\/v2\/posts"}],"about":[{"href":"https:\/\/www.pcnen.com\/portal\/wp-json\/wp\/v2\/types\/post"}],"author":[{"embeddable":true,"href":"https:\/\/www.pcnen.com\/portal\/wp-json\/wp\/v2\/users\/1"}],"replies":[{"embeddable":true,"href":"https:\/\/www.pcnen.com\/portal\/wp-json\/wp\/v2\/comments?post=272456"}],"version-history":[{"count":0,"href":"https:\/\/www.pcnen.com\/portal\/wp-json\/wp\/v2\/posts\/272456\/revisions"}],"wp:attachment":[{"href":"https:\/\/www.pcnen.com\/portal\/wp-json\/wp\/v2\/media?parent=272456"}],"wp:term":[{"taxonomy":"category","embeddable":true,"href":"https:\/\/www.pcnen.com\/portal\/wp-json\/wp\/v2\/categories?post=272456"},{"taxonomy":"post_tag","embeddable":true,"href":"https:\/\/www.pcnen.com\/portal\/wp-json\/wp\/v2\/tags?post=272456"}],"curies":[{"name":"wp","href":"https:\/\/api.w.org\/{rel}","templated":true}]}}