{"id":272433,"date":"2019-08-28T12:02:16","date_gmt":"2019-08-28T10:02:16","guid":{"rendered":"http:\/\/www.pcnen.com\/portal\/?p=272433"},"modified":"2019-08-28T12:48:53","modified_gmt":"2019-08-28T10:48:53","slug":"cghiv-om-zarazena-221-osoba-za-godinu-preminule-dvije","status":"publish","type":"post","link":"https:\/\/www.pcnen.com\/portal\/2019\/08\/28\/cghiv-om-zarazena-221-osoba-za-godinu-preminule-dvije\/","title":{"rendered":"CG:HIV-om zara\u017eena 221 osoba, za godinu preminule dvije"},"content":{"rendered":"<p>Na kraju pro\u0161le godine sa virusom HIV-a, koji izaziva sidu, \u017eivjela je 221 osoba, od kojih 196 mu\u0161karaca i 25 \u017eena, pokazuju poslednji podaci Instituta za javno zdravlje (IJZ), prenosi Dan.<\/p>\n<p>Iz Instituta navode da su u pro\u0161loj godini od posledice side (AIDS) preminule dvije osobe, dok su registrovali 23 novooboljela gra\u0111anina za godinu.<\/p>\n<p><img loading=\"lazy\" decoding=\"async\" class=\"alignright size-medium wp-image-68841\" src=\"http:\/\/www.pcnen.com\/portal\/wp-content\/uploads\/2011\/12\/aids-300x283.jpg\" alt=\"\" width=\"300\" height=\"283\" \/>&#8220;Od po\u010detka epidemije 1989. godine do kraja 2018. godine, u Crnoj Gori je registrovano 277 osoba inficiranih HIV-om, od kojih je 136 osoba, u momentu otkrivanja infekcije, bilo u stadijumu AIDS-a (49 odsto svih registrovanih HIV pozitivnih osoba), a njih 141 su bili ili u asimptomatskoj fazi ili u simptomatskoj non-AIDS fazi HIV infekcije&#8221;, kazali su iz IJZ, prenosi Dan.<\/p>\n<p>Navodi se da je u istom periodu (od 1989) 56 osoba umrlo od AIDS-a.<\/p>\n<p>&#8220;Prema podacima iz Registra, na kraju 2018. godine u Crnoj Gori je sa HIV-om \u017eivjela 221 osoba (196 mu\u0161karaca i 25 \u017eena), \u0161to \u010dini da je prevalencija ove infekcije u Crnoj Gori 0,03 odsto&#8221;, rekli su iz Instituta.<\/p>\n<p>Kako su istakli pove\u0107anje svijesti o korisnosti testiranja na HIV i hepatitis vodi ka ranom otkrivanju infekcije, ranijem zapo\u010dinjanju lije\u010denja i unapre\u0111enju kvaliteta \u017eivota inficiranih osoba, a ujedno i smanjuje tro\u0161kove zdravstvene za\u0161tite i lije\u010denja.<\/p>\n<p>&#8220;Institut za javno zdravlje, zajedno sa mre\u017eom savjetovali\u0161ta za HIV u domovima zdravlja Bar, Berane, Bijelo Polje, Nik\u0161i\u0107, Kotor, Pljevlja i Herceg Novi sprovodi testiranja u skladu sa radnim vremenom savjetovali\u0161ta, a u Institutu za javno zdravlje u Podgorici radnim danima od 8 do 20 \u010dasova&#8221;, navode iz te institucije.<\/p>\n","protected":false},"excerpt":{"rendered":"<p>Pro\u0161le godine su registrovana 23 novooboljela gra\u0111anina .<\/p>\n","protected":false},"author":1,"featured_media":0,"comment_status":"open","ping_status":"closed","sticky":false,"template":"","format":"standard","meta":{"_seopress_robots_primary_cat":"","_seopress_titles_title":"","_seopress_titles_desc":"","_seopress_robots_index":"","_et_pb_use_builder":"","_et_pb_old_content":"","_et_gb_content_width":"","inline_featured_image":false,"footnotes":""},"categories":[14,12],"tags":[],"class_list":["post-272433","post","type-post","status-publish","format-standard","hentry","category-vijesti","category-prica-dana"],"_links":{"self":[{"href":"https:\/\/www.pcnen.com\/portal\/wp-json\/wp\/v2\/posts\/272433","targetHints":{"allow":["GET"]}}],"collection":[{"href":"https:\/\/www.pcnen.com\/portal\/wp-json\/wp\/v2\/posts"}],"about":[{"href":"https:\/\/www.pcnen.com\/portal\/wp-json\/wp\/v2\/types\/post"}],"author":[{"embeddable":true,"href":"https:\/\/www.pcnen.com\/portal\/wp-json\/wp\/v2\/users\/1"}],"replies":[{"embeddable":true,"href":"https:\/\/www.pcnen.com\/portal\/wp-json\/wp\/v2\/comments?post=272433"}],"version-history":[{"count":0,"href":"https:\/\/www.pcnen.com\/portal\/wp-json\/wp\/v2\/posts\/272433\/revisions"}],"wp:attachment":[{"href":"https:\/\/www.pcnen.com\/portal\/wp-json\/wp\/v2\/media?parent=272433"}],"wp:term":[{"taxonomy":"category","embeddable":true,"href":"https:\/\/www.pcnen.com\/portal\/wp-json\/wp\/v2\/categories?post=272433"},{"taxonomy":"post_tag","embeddable":true,"href":"https:\/\/www.pcnen.com\/portal\/wp-json\/wp\/v2\/tags?post=272433"}],"curies":[{"name":"wp","href":"https:\/\/api.w.org\/{rel}","templated":true}]}}