{"id":272394,"date":"2019-08-27T20:38:24","date_gmt":"2019-08-27T18:38:24","guid":{"rendered":"http:\/\/www.pcnen.com\/portal\/?p=272394"},"modified":"2019-09-03T18:26:35","modified_gmt":"2019-09-03T16:26:35","slug":"veoma-toplo-22","status":"publish","type":"post","link":"https:\/\/www.pcnen.com\/portal\/2019\/08\/27\/veoma-toplo-22\/","title":{"rendered":"Veoma toplo"},"content":{"rendered":"<p>Prete\u017eno sun\u010dano i veoma toplo, bi\u0107e u srijedu u Crnoj Gori.<\/p>\n<p>Po kotlinama na sjeveru zemlje ujutru \u0107e biti magla, a za poslije podne najavljuje se slab do umjeren razvoj obla\u010dnosti.<\/p>\n<p>Vjetar promjenljivog smjera bi\u0107e slab do umjeren.<\/p>\n<p>Jutarnja temperatura vazduha bi\u0107e u rasponu od 11 do 23, a najvi\u0161a dnevna od 25 do 37 stepeni.<\/p>\n<blockquote><p>Prete\u017eno sun\u010dano bi\u0107e u Podgorici. Popodne malo ili umjereno obla\u010dno.<\/p>\n<p>Promjenljiv vjetar bi\u0107e slab do umjeren.<\/p>\n<p>Jutarnja temperatura vazduha bi\u0107e oko 23, a najvi\u0161a dnevna do 37 stepeni.<\/p>\n<p><a href=\"http:\/\/www.meteo.co.me\/misc.php?text=121&amp;sektor=1&amp;grad=MOJ\">Prognoza za ostale crnogorske<\/a><a href=\"http:\/\/www.meteo.co.me\/misc.php?text=121&amp;sektor=1&amp;grad=MOJ\"> gradove.<\/a><\/p><\/blockquote>\n","protected":false},"excerpt":{"rendered":"<p>Vjetar promjenljivog smjera bi\u0107e slab do umjeren<\/p>\n","protected":false},"author":1,"featured_media":271772,"comment_status":"open","ping_status":"closed","sticky":false,"template":"","format":"standard","meta":{"_seopress_robots_primary_cat":"","_seopress_titles_title":"","_seopress_titles_desc":"","_seopress_robots_index":"","_et_pb_use_builder":"","_et_pb_old_content":"","_et_gb_content_width":"","inline_featured_image":false,"footnotes":""},"categories":[14,12],"tags":[],"class_list":["post-272394","post","type-post","status-publish","format-standard","has-post-thumbnail","hentry","category-vijesti","category-prica-dana"],"_links":{"self":[{"href":"https:\/\/www.pcnen.com\/portal\/wp-json\/wp\/v2\/posts\/272394","targetHints":{"allow":["GET"]}}],"collection":[{"href":"https:\/\/www.pcnen.com\/portal\/wp-json\/wp\/v2\/posts"}],"about":[{"href":"https:\/\/www.pcnen.com\/portal\/wp-json\/wp\/v2\/types\/post"}],"author":[{"embeddable":true,"href":"https:\/\/www.pcnen.com\/portal\/wp-json\/wp\/v2\/users\/1"}],"replies":[{"embeddable":true,"href":"https:\/\/www.pcnen.com\/portal\/wp-json\/wp\/v2\/comments?post=272394"}],"version-history":[{"count":0,"href":"https:\/\/www.pcnen.com\/portal\/wp-json\/wp\/v2\/posts\/272394\/revisions"}],"wp:featuredmedia":[{"embeddable":true,"href":"https:\/\/www.pcnen.com\/portal\/wp-json\/wp\/v2\/media\/271772"}],"wp:attachment":[{"href":"https:\/\/www.pcnen.com\/portal\/wp-json\/wp\/v2\/media?parent=272394"}],"wp:term":[{"taxonomy":"category","embeddable":true,"href":"https:\/\/www.pcnen.com\/portal\/wp-json\/wp\/v2\/categories?post=272394"},{"taxonomy":"post_tag","embeddable":true,"href":"https:\/\/www.pcnen.com\/portal\/wp-json\/wp\/v2\/tags?post=272394"}],"curies":[{"name":"wp","href":"https:\/\/api.w.org\/{rel}","templated":true}]}}