{"id":272379,"date":"2019-08-27T15:31:21","date_gmt":"2019-08-27T13:31:21","guid":{"rendered":"http:\/\/www.pcnen.com\/portal\/?p=272379"},"modified":"2019-08-27T16:04:33","modified_gmt":"2019-08-27T14:04:33","slug":"niko-se-nije-javio-na-oglas-za-vdt","status":"publish","type":"post","link":"https:\/\/www.pcnen.com\/portal\/2019\/08\/27\/niko-se-nije-javio-na-oglas-za-vdt\/","title":{"rendered":"Niko se nije javio na oglas za VDT"},"content":{"rendered":"<p>Na javni poziv za izbor Vrhovnog dr\u017eavnog tu\u017eioca Crne Gore (VDT) nije stigla nijedna prijava, saop\u0161teno je danas iz Tu\u017eila\u010dkog savjeta.<\/p>\n<p>Tu\u017eila\u010dki savjet je \u00a07. avgusta raspisao javni poziv za izbor VDT-a, a rok za prijavljivanje bio je 15 dana.<\/p>\n<p><img loading=\"lazy\" decoding=\"async\" class=\"alignleft size-medium wp-image-160111\" src=\"http:\/\/www.pcnen.com\/portal\/wp-content\/uploads\/2014\/10\/ivica-stankovi\u0107-foto-Dan-300x194.jpg\" alt=\"\" width=\"300\" height=\"194\" \/>Aktuelnom vrhovnom dr\u017eavnom tu\u017eiocu Ivici Stankovi\u0107u petogodi\u0161nji mandat isti\u010de 7. oktobra.<\/p>\n<p>Za vrhovnog dr\u017eavnog tu\u017eioca mo\u017ee se prijaviti osoba koja ispunjava op\u0161te uslove za izbor dr\u017eavnog tu\u017eioca, ima radno iskustvo od najmanje 15 godina kao dr\u017eavni tu\u017eilac ili sudija ili najmanje 20 godina na drugim pravnim poslovima, prenosi Mina.<\/p>\n","protected":false},"excerpt":{"rendered":"<p>Aktuelnom vrhovnom dr\u017eavnom tu\u017eiocu Ivici Stankovi\u0107u petogodi\u0161nji mandat isti\u010de 7. oktobra.<\/p>\n","protected":false},"author":1,"featured_media":0,"comment_status":"open","ping_status":"closed","sticky":false,"template":"","format":"standard","meta":{"_seopress_robots_primary_cat":"","_seopress_titles_title":"","_seopress_titles_desc":"","_seopress_robots_index":"","_et_pb_use_builder":"","_et_pb_old_content":"","_et_gb_content_width":"","inline_featured_image":false,"footnotes":""},"categories":[14,12],"tags":[],"class_list":["post-272379","post","type-post","status-publish","format-standard","hentry","category-vijesti","category-prica-dana"],"_links":{"self":[{"href":"https:\/\/www.pcnen.com\/portal\/wp-json\/wp\/v2\/posts\/272379","targetHints":{"allow":["GET"]}}],"collection":[{"href":"https:\/\/www.pcnen.com\/portal\/wp-json\/wp\/v2\/posts"}],"about":[{"href":"https:\/\/www.pcnen.com\/portal\/wp-json\/wp\/v2\/types\/post"}],"author":[{"embeddable":true,"href":"https:\/\/www.pcnen.com\/portal\/wp-json\/wp\/v2\/users\/1"}],"replies":[{"embeddable":true,"href":"https:\/\/www.pcnen.com\/portal\/wp-json\/wp\/v2\/comments?post=272379"}],"version-history":[{"count":0,"href":"https:\/\/www.pcnen.com\/portal\/wp-json\/wp\/v2\/posts\/272379\/revisions"}],"wp:attachment":[{"href":"https:\/\/www.pcnen.com\/portal\/wp-json\/wp\/v2\/media?parent=272379"}],"wp:term":[{"taxonomy":"category","embeddable":true,"href":"https:\/\/www.pcnen.com\/portal\/wp-json\/wp\/v2\/categories?post=272379"},{"taxonomy":"post_tag","embeddable":true,"href":"https:\/\/www.pcnen.com\/portal\/wp-json\/wp\/v2\/tags?post=272379"}],"curies":[{"name":"wp","href":"https:\/\/api.w.org\/{rel}","templated":true}]}}