{"id":272365,"date":"2019-08-27T10:43:44","date_gmt":"2019-08-27T08:43:44","guid":{"rendered":"http:\/\/www.pcnen.com\/portal\/?p=272365"},"modified":"2019-08-27T11:12:48","modified_gmt":"2019-08-27T09:12:48","slug":"svaki-sesti-stanovnik-cg-stariji-od-65-godina","status":"publish","type":"post","link":"https:\/\/www.pcnen.com\/portal\/2019\/08\/27\/svaki-sesti-stanovnik-cg-stariji-od-65-godina\/","title":{"rendered":"Svaki \u0161esti stanovnik CG stariji od 65 godina"},"content":{"rendered":"<p>Prema analizi koju je uradila konsultantska ku\u0107a Fideliti konsalting broj crnogorskih gra\u0111ana koji su stariji od 65 godina 2006. godine bio je 78.298 ili 12,77 odsto ukupnog broja stanovnika, dok je 2019. taj broj porastao na 94.314 ili 15,16 procenata ukupnog broj stanovnika, pi\u0161e Dan.<\/p>\n<p><img loading=\"lazy\" decoding=\"async\" class=\"alignleft size-full wp-image-86589\" src=\"http:\/\/www.pcnen.com\/portal\/wp-content\/uploads\/2012\/06\/stariji.jpg\" alt=\"\" width=\"200\" height=\"152\" \/>U Crnoj Gori je, prema zvani\u010dnoj statistici Uprave za statistiku, pro\u0161le godine negativan prirodni prira\u0161taj zabilje\u017een u 15 op\u0161tina i to uglavnom u gradovima na sjeveru dr\u017eave.<\/p>\n<p>U CG lani je ro\u0111eno 7.260 gra\u0111ana, a preminula su 6.494. To zna\u010di da je na dr\u017eavnom nivou prirodni prira\u0161taj pozitivan i iznosi 766, ali je to najmanje pove\u0107anje broja stanovnika u na\u0161oj dr\u017eavi u istoriji.<\/p>\n","protected":false},"excerpt":{"rendered":"<p>Pro\u0161le godine negativan prirodni prira\u0161taj zabilje\u017een u 15 op\u0161tina, uglavnom na sjeveru dr\u017eave<\/p>\n","protected":false},"author":1,"featured_media":0,"comment_status":"open","ping_status":"closed","sticky":false,"template":"","format":"standard","meta":{"_seopress_robots_primary_cat":"","_seopress_titles_title":"","_seopress_titles_desc":"","_seopress_robots_index":"","_et_pb_use_builder":"","_et_pb_old_content":"","_et_gb_content_width":"","inline_featured_image":false,"footnotes":""},"categories":[14,12],"tags":[],"class_list":["post-272365","post","type-post","status-publish","format-standard","hentry","category-vijesti","category-prica-dana"],"_links":{"self":[{"href":"https:\/\/www.pcnen.com\/portal\/wp-json\/wp\/v2\/posts\/272365","targetHints":{"allow":["GET"]}}],"collection":[{"href":"https:\/\/www.pcnen.com\/portal\/wp-json\/wp\/v2\/posts"}],"about":[{"href":"https:\/\/www.pcnen.com\/portal\/wp-json\/wp\/v2\/types\/post"}],"author":[{"embeddable":true,"href":"https:\/\/www.pcnen.com\/portal\/wp-json\/wp\/v2\/users\/1"}],"replies":[{"embeddable":true,"href":"https:\/\/www.pcnen.com\/portal\/wp-json\/wp\/v2\/comments?post=272365"}],"version-history":[{"count":0,"href":"https:\/\/www.pcnen.com\/portal\/wp-json\/wp\/v2\/posts\/272365\/revisions"}],"wp:attachment":[{"href":"https:\/\/www.pcnen.com\/portal\/wp-json\/wp\/v2\/media?parent=272365"}],"wp:term":[{"taxonomy":"category","embeddable":true,"href":"https:\/\/www.pcnen.com\/portal\/wp-json\/wp\/v2\/categories?post=272365"},{"taxonomy":"post_tag","embeddable":true,"href":"https:\/\/www.pcnen.com\/portal\/wp-json\/wp\/v2\/tags?post=272365"}],"curies":[{"name":"wp","href":"https:\/\/api.w.org\/{rel}","templated":true}]}}