{"id":272345,"date":"2019-08-26T21:56:21","date_gmt":"2019-08-26T19:56:21","guid":{"rendered":"http:\/\/www.pcnen.com\/portal\/?p=272345"},"modified":"2019-08-26T21:58:13","modified_gmt":"2019-08-26T19:58:13","slug":"kisa-ponegdje-na-sjeveru-i-centralnom-dijelu-cg","status":"publish","type":"post","link":"https:\/\/www.pcnen.com\/portal\/2019\/08\/26\/kisa-ponegdje-na-sjeveru-i-centralnom-dijelu-cg\/","title":{"rendered":"Ki\u0161a ponegdje na sjeveru i centralnom dijelu CG"},"content":{"rendered":"<p>Prije podne \u0107e biti prete\u017eno ili djelimi\u010dno sun\u010dano u Crnoj Gori.<\/p>\n<p>Tokom jutra bi\u0107e magla po kotlinama na sjeveru zemlje.<\/p>\n<p>Poslije podne u ju\u017enim krajevima bi\u0107e slab do umjeren razvoj obla\u010dnosti; u sjevernim i centralnim djelovima zemlje bi\u0107e mjestimi\u010dno ki\u0161e ili pljuska sa grmljavinom.<\/p>\n<p>Uglavnom sjeverni i zapadni vjetar bi\u0107e slab do umjeren.<\/p>\n<p>Jutarnja temperatura vazduha bi\u0107e u rasponu od 8 do 22, a najvi\u0161a dnevna od 23 do 35 stepeni.<\/p>\n<blockquote><p>U Podgorici \u0107e biti prete\u017eno sun\u010dano do popodneva, a potom promjenljivo obla\u010dno. Bi\u0107e mogu\u0107e malo ki\u0161e ili grmljavina.<img loading=\"lazy\" decoding=\"async\" class=\"wp-image-239767 alignleft\" src=\"http:\/\/www.pcnen.com\/portal\/wp-content\/uploads\/2018\/01\/kisne_kapi.jpg\" alt=\"\" width=\"238\" height=\"185\" \/><\/p>\n<p>Promjenljiv vjetar bi\u0107e slab do umjeren.<\/p>\n<p>Jutarnja temperatura vazduha bi\u0107e oko 22, a najvi\u0161a dnevna do 35 stepeni.<\/p>\n<p><a href=\"http:\/\/www.meteo.co.me\/misc.php?text=121&amp;sektor=1&amp;grad=HER\">Prognoza za ostale gradove.<\/a><\/p><\/blockquote>\n","protected":false},"excerpt":{"rendered":"<p>Prije podne \u0107e biti prete\u017eno ili djelimi\u010dno sun\u010dano u Crnoj Gori. Tokom jutra bi\u0107e magla po kotlinama na sjeveru zemlje. Poslije podne u ju\u017enim krajevima bi\u0107e slab do umjeren razvoj obla\u010dnosti; u sjevernim i centralnim djelovima zemlje bi\u0107e mjestimi\u010dno ki\u0161e ili pljuska sa grmljavinom. Uglavnom sjeverni i zapadni vjetar bi\u0107e slab do umjeren. Jutarnja temperatura [&hellip;]<\/p>\n","protected":false},"author":1,"featured_media":205391,"comment_status":"open","ping_status":"closed","sticky":false,"template":"","format":"standard","meta":{"_seopress_robots_primary_cat":"","_seopress_titles_title":"","_seopress_titles_desc":"","_seopress_robots_index":"","_et_pb_use_builder":"","_et_pb_old_content":"","_et_gb_content_width":"","inline_featured_image":false,"footnotes":""},"categories":[14,12],"tags":[],"class_list":["post-272345","post","type-post","status-publish","format-standard","has-post-thumbnail","hentry","category-vijesti","category-prica-dana"],"_links":{"self":[{"href":"https:\/\/www.pcnen.com\/portal\/wp-json\/wp\/v2\/posts\/272345","targetHints":{"allow":["GET"]}}],"collection":[{"href":"https:\/\/www.pcnen.com\/portal\/wp-json\/wp\/v2\/posts"}],"about":[{"href":"https:\/\/www.pcnen.com\/portal\/wp-json\/wp\/v2\/types\/post"}],"author":[{"embeddable":true,"href":"https:\/\/www.pcnen.com\/portal\/wp-json\/wp\/v2\/users\/1"}],"replies":[{"embeddable":true,"href":"https:\/\/www.pcnen.com\/portal\/wp-json\/wp\/v2\/comments?post=272345"}],"version-history":[{"count":0,"href":"https:\/\/www.pcnen.com\/portal\/wp-json\/wp\/v2\/posts\/272345\/revisions"}],"wp:featuredmedia":[{"embeddable":true,"href":"https:\/\/www.pcnen.com\/portal\/wp-json\/wp\/v2\/media\/205391"}],"wp:attachment":[{"href":"https:\/\/www.pcnen.com\/portal\/wp-json\/wp\/v2\/media?parent=272345"}],"wp:term":[{"taxonomy":"category","embeddable":true,"href":"https:\/\/www.pcnen.com\/portal\/wp-json\/wp\/v2\/categories?post=272345"},{"taxonomy":"post_tag","embeddable":true,"href":"https:\/\/www.pcnen.com\/portal\/wp-json\/wp\/v2\/tags?post=272345"}],"curies":[{"name":"wp","href":"https:\/\/api.w.org\/{rel}","templated":true}]}}