{"id":272343,"date":"2019-08-26T21:45:34","date_gmt":"2019-08-26T19:45:34","guid":{"rendered":"http:\/\/www.pcnen.com\/portal\/?p=272343"},"modified":"2019-08-26T21:45:34","modified_gmt":"2019-08-26T19:45:34","slug":"naucnici-upozoravaju-milioni-ljudi-bjezace-s-obala","status":"publish","type":"post","link":"https:\/\/www.pcnen.com\/portal\/2019\/08\/26\/naucnici-upozoravaju-milioni-ljudi-bjezace-s-obala\/","title":{"rendered":"Nau\u010dnici upozoravaju: Milioni ljudi bje\u017ea\u0107e s obala"},"content":{"rendered":"<p>Po predvi\u0111anjima me\u0111unarodne organizacije za migracije UN, zbog posljedica su\u0161a, poplava, po\u017eara i gladi povezanih s klimatskim promjenama, do 2050. godine \u0107e izme\u0111u 25 miliona i milijardu ljudi biti prisiljeno da napusti svoje domove, <a href=\"https:\/\/www.index.hr\/vijesti\/clanak\/dramaticno-upozorenje-znanstvenika-stotine-milijuna-ljudi-bjezat-ce-s-obala\/2111374.aspx\">prenosi Index.hr<\/a> iz \u010dasopisa <a href=\"https:\/\/www.livescience.com\/we-should-retreat-from-coastal-cities-now.html\">Live Science.<\/a><\/p>\n<p>Najizglednije je da \u0107e se raditi o oko 200 miliona ljudi, prenosi \u010dasopis.<\/p>\n<p><img loading=\"lazy\" decoding=\"async\" class=\"size-large wp-image-161037 aligncenter\" src=\"http:\/\/www.pcnen.com\/portal\/wp-content\/uploads\/2014\/10\/otapanje-450x337.jpg\" alt=\"\" width=\"450\" height=\"337\" \/><br \/>\nOvaj golemi globalni egzodus mo\u017ee se ostvariti na dva na\u010dina: ili \u0107emo se odlu\u010diti za haoti\u010dan masovni bijeg kojim \u0107e se kazniti siroma\u0161ni dio svijeta ili \u0107e to biti put do pravednijeg i odr\u017eivijeg novog svijeta.<\/p>\n<p>Grupa me\u0111unarodnih nau\u010dnika koji se zala\u017eu za za\u0161titu okoline smatra da je jedini na\u010din kojim se mo\u017ee izbje\u0107i prvi scenarij &#8211; na vrijeme zapo\u010deti planiranje neizbje\u017enog &#8220;povla\u010denja&#8221; iz priobalnih gradova.<\/p>\n","protected":false},"excerpt":{"rendered":"<p>Grupa me\u0111unarodnih nau\u010dnika smatra da na vrijeme zapo\u010deti planiranje neizbje\u017enog &#8220;povla\u010denja&#8221; iz priobalnih gradova<\/p>\n","protected":false},"author":1,"featured_media":0,"comment_status":"open","ping_status":"closed","sticky":false,"template":"","format":"standard","meta":{"_seopress_robots_primary_cat":"","_seopress_titles_title":"","_seopress_titles_desc":"","_seopress_robots_index":"","_et_pb_use_builder":"","_et_pb_old_content":"","_et_gb_content_width":"","inline_featured_image":false,"footnotes":""},"categories":[14,12],"tags":[],"class_list":["post-272343","post","type-post","status-publish","format-standard","hentry","category-vijesti","category-prica-dana"],"_links":{"self":[{"href":"https:\/\/www.pcnen.com\/portal\/wp-json\/wp\/v2\/posts\/272343","targetHints":{"allow":["GET"]}}],"collection":[{"href":"https:\/\/www.pcnen.com\/portal\/wp-json\/wp\/v2\/posts"}],"about":[{"href":"https:\/\/www.pcnen.com\/portal\/wp-json\/wp\/v2\/types\/post"}],"author":[{"embeddable":true,"href":"https:\/\/www.pcnen.com\/portal\/wp-json\/wp\/v2\/users\/1"}],"replies":[{"embeddable":true,"href":"https:\/\/www.pcnen.com\/portal\/wp-json\/wp\/v2\/comments?post=272343"}],"version-history":[{"count":0,"href":"https:\/\/www.pcnen.com\/portal\/wp-json\/wp\/v2\/posts\/272343\/revisions"}],"wp:attachment":[{"href":"https:\/\/www.pcnen.com\/portal\/wp-json\/wp\/v2\/media?parent=272343"}],"wp:term":[{"taxonomy":"category","embeddable":true,"href":"https:\/\/www.pcnen.com\/portal\/wp-json\/wp\/v2\/categories?post=272343"},{"taxonomy":"post_tag","embeddable":true,"href":"https:\/\/www.pcnen.com\/portal\/wp-json\/wp\/v2\/tags?post=272343"}],"curies":[{"name":"wp","href":"https:\/\/api.w.org\/{rel}","templated":true}]}}