{"id":272334,"date":"2019-08-26T16:46:22","date_gmt":"2019-08-26T14:46:22","guid":{"rendered":"http:\/\/www.pcnen.com\/portal\/?p=272334"},"modified":"2019-08-26T16:50:52","modified_gmt":"2019-08-26T14:50:52","slug":"evropski-zeleni-u-ulcinju","status":"publish","type":"post","link":"https:\/\/www.pcnen.com\/portal\/2019\/08\/26\/evropski-zeleni-u-ulcinju\/","title":{"rendered":"Evropski \u2018Zeleni\u2019 u Ulcinju"},"content":{"rendered":"<p>Delegacija Zelenih Evrope (European Greens) je u posjeti Crnoj Gori na poziv Gra\u0111anskog pokreta URA, a radni boravak po\u010deli su danas posjetom Solani u Ulcinju, saop\u0161teno je iz URE.<\/p>\n<p>\u201cMje\u0161tani Ulcinja i aktivisti NVO uradili su mnogo za o\u010duvanje prirodnih bogatstava Solane i taj proces mora biti kontinuiran jer posao nije zavr\u0161en. Ovo nije samo stvar Crne Gore ve\u0107 i Evrope, i mi iz Evropskog parlamenta \u0107emo se i dalje uklju\u010divati u rje\u0161avanju ovog problema\u201c, kazao je Tomas Vajs, predstavnik delegacije \u2018Zelenih\u2019 i jedan od prepoznatljivijih lica Zelenih Evrope.<\/p>\n<p><img loading=\"lazy\" decoding=\"async\" class=\"size-large wp-image-199434 aligncenter\" src=\"http:\/\/www.pcnen.com\/portal\/wp-content\/uploads\/2016\/02\/solana_ulcinj-450x254.jpg\" alt=\"\" width=\"450\" height=\"254\" \/><\/p>\n","protected":false},"excerpt":{"rendered":"<p>Ovo nije samo stvar Crne Gore ve\u0107 i Evrope, i mi iz Evropskog parlamenta \u0107emo se i dalje uklju\u010divati u rje\u0161avanju ovog problema, kazao je Tomas Vajs za Solanu<\/p>\n","protected":false},"author":1,"featured_media":272335,"comment_status":"open","ping_status":"closed","sticky":false,"template":"","format":"standard","meta":{"_seopress_robots_primary_cat":"","_seopress_titles_title":"","_seopress_titles_desc":"","_seopress_robots_index":"","_et_pb_use_builder":"","_et_pb_old_content":"","_et_gb_content_width":"","inline_featured_image":false,"footnotes":""},"categories":[14,12],"tags":[],"class_list":["post-272334","post","type-post","status-publish","format-standard","has-post-thumbnail","hentry","category-vijesti","category-prica-dana"],"_links":{"self":[{"href":"https:\/\/www.pcnen.com\/portal\/wp-json\/wp\/v2\/posts\/272334","targetHints":{"allow":["GET"]}}],"collection":[{"href":"https:\/\/www.pcnen.com\/portal\/wp-json\/wp\/v2\/posts"}],"about":[{"href":"https:\/\/www.pcnen.com\/portal\/wp-json\/wp\/v2\/types\/post"}],"author":[{"embeddable":true,"href":"https:\/\/www.pcnen.com\/portal\/wp-json\/wp\/v2\/users\/1"}],"replies":[{"embeddable":true,"href":"https:\/\/www.pcnen.com\/portal\/wp-json\/wp\/v2\/comments?post=272334"}],"version-history":[{"count":0,"href":"https:\/\/www.pcnen.com\/portal\/wp-json\/wp\/v2\/posts\/272334\/revisions"}],"wp:featuredmedia":[{"embeddable":true,"href":"https:\/\/www.pcnen.com\/portal\/wp-json\/wp\/v2\/media\/272335"}],"wp:attachment":[{"href":"https:\/\/www.pcnen.com\/portal\/wp-json\/wp\/v2\/media?parent=272334"}],"wp:term":[{"taxonomy":"category","embeddable":true,"href":"https:\/\/www.pcnen.com\/portal\/wp-json\/wp\/v2\/categories?post=272334"},{"taxonomy":"post_tag","embeddable":true,"href":"https:\/\/www.pcnen.com\/portal\/wp-json\/wp\/v2\/tags?post=272334"}],"curies":[{"name":"wp","href":"https:\/\/api.w.org\/{rel}","templated":true}]}}