{"id":272236,"date":"2019-08-24T18:57:55","date_gmt":"2019-08-24T16:57:55","guid":{"rendered":"http:\/\/www.pcnen.com\/portal\/?p=272236"},"modified":"2019-08-24T18:57:55","modified_gmt":"2019-08-24T16:57:55","slug":"nasa-istrazuje-prvo-svemirsko-krivicno-djelo","status":"publish","type":"post","link":"https:\/\/www.pcnen.com\/portal\/2019\/08\/24\/nasa-istrazuje-prvo-svemirsko-krivicno-djelo\/","title":{"rendered":"NASA istra\u017euje prvo svemirsko krivi\u010dno djelo"},"content":{"rendered":"<p>Agencija NASA istra\u017euje optu\u017ebe protiv astronautkinje koja je navodno pristupila bankovnom ra\u010dunu supruge sa Me\u0111unarodne svemirske stanice.<\/p>\n<p>Astronautkinja En MekKlejn je priznala da je pristupila ra\u010dunu supruge od koje se razvodi, ali je izjavila da nije u\u010dinila ni\u0161ta lo\u0161e, objavljeno je u Njujork Tajmsu, prenosi BBC.<\/p>\n<p><img loading=\"lazy\" decoding=\"async\" class=\"alignleft size-full wp-image-155536\" src=\"http:\/\/www.pcnen.com\/portal\/wp-content\/uploads\/2014\/08\/svemirska_stanica.jpg\" alt=\"\" width=\"300\" height=\"220\" \/>En MekKlejn se u me\u0111uvremenu vratila na Zemlju, a njena advokatica rekla je za Njujork Tajms da je astronautkinja samo \u017eeljela da provjeri da li njena biv\u0161a partnerka ima dovoljno novca za pla\u0107anje ra\u010duna i brigu o sinu koga su zajedno odgajale prije nego \u0161to su se rastale.<\/p>\n<p>MekKlejn i Vorden koja radi za obavje\u0161tajnu slu\u017ebu Ratnog vazduhoplovstva, vjen\u010dale su se 2014. godine. Vorden je zvani\u010dno tra\u017eila razvod 2018. godine.<\/p>\n<p>MekKlejn je diplomirala na presti\u017enoj vojnoj akademiji Vest Point, a zatim radila kao vojni pilot u Iraku. Izabrana je da leti za Nasu 2013. godine.<\/p>\n<p>Provela je \u0161est mjeseci na Me\u0111unarodnoj svemirskoj stanici i trebalo je da u\u010destvuje u prvoj \u201e\u017eenskoj\u201c \u0161etnji svemirom koja je otkazana zbog toga \u0161to za MekKlejn nije bilo odijela u odgovaraju\u0107oj veli\u010dini.<\/p>\n<p>Me\u0111unarodnim svemirskim pravom su predvi\u0111ena izru\u010denja na Zemlju \u2013 ukoliko neka dr\u017eava odlu\u010di da tra\u017ei izru\u010denje gra\u0111anina druge dr\u017eave zbog djela po\u010dinjenih u svemiru.<\/p>\n","protected":false},"excerpt":{"rendered":"<p>Provela je \u0161est mjeseci na Me\u0111unarodnoj svemirskoj stanici i trebalo je da u\u010destvuje u prvoj \u201e\u017eenskoj\u201c \u0161etnji svemirom koja je otkazana zbog toga \u0161to za MekKlejn nije bilo odijela u odgovaraju\u0107oj veli\u010dini.<\/p>\n","protected":false},"author":1,"featured_media":0,"comment_status":"open","ping_status":"closed","sticky":false,"template":"","format":"standard","meta":{"_seopress_robots_primary_cat":"","_seopress_titles_title":"","_seopress_titles_desc":"","_seopress_robots_index":"","_et_pb_use_builder":"","_et_pb_old_content":"","_et_gb_content_width":"","inline_featured_image":false,"footnotes":""},"categories":[14,12],"tags":[],"class_list":["post-272236","post","type-post","status-publish","format-standard","hentry","category-vijesti","category-prica-dana"],"_links":{"self":[{"href":"https:\/\/www.pcnen.com\/portal\/wp-json\/wp\/v2\/posts\/272236","targetHints":{"allow":["GET"]}}],"collection":[{"href":"https:\/\/www.pcnen.com\/portal\/wp-json\/wp\/v2\/posts"}],"about":[{"href":"https:\/\/www.pcnen.com\/portal\/wp-json\/wp\/v2\/types\/post"}],"author":[{"embeddable":true,"href":"https:\/\/www.pcnen.com\/portal\/wp-json\/wp\/v2\/users\/1"}],"replies":[{"embeddable":true,"href":"https:\/\/www.pcnen.com\/portal\/wp-json\/wp\/v2\/comments?post=272236"}],"version-history":[{"count":0,"href":"https:\/\/www.pcnen.com\/portal\/wp-json\/wp\/v2\/posts\/272236\/revisions"}],"wp:attachment":[{"href":"https:\/\/www.pcnen.com\/portal\/wp-json\/wp\/v2\/media?parent=272236"}],"wp:term":[{"taxonomy":"category","embeddable":true,"href":"https:\/\/www.pcnen.com\/portal\/wp-json\/wp\/v2\/categories?post=272236"},{"taxonomy":"post_tag","embeddable":true,"href":"https:\/\/www.pcnen.com\/portal\/wp-json\/wp\/v2\/tags?post=272236"}],"curies":[{"name":"wp","href":"https:\/\/api.w.org\/{rel}","templated":true}]}}