{"id":272140,"date":"2019-08-23T09:59:33","date_gmt":"2019-08-23T07:59:33","guid":{"rendered":"http:\/\/www.pcnen.com\/portal\/?p=272140"},"modified":"2019-08-23T10:00:24","modified_gmt":"2019-08-23T08:00:24","slug":"gradonacelnik-tivta-zatrazio-pomoc-policije-zbog-novinarove-profilne-fotke-na-fb","status":"publish","type":"post","link":"https:\/\/www.pcnen.com\/portal\/2019\/08\/23\/gradonacelnik-tivta-zatrazio-pomoc-policije-zbog-novinarove-profilne-fotke-na-fb\/","title":{"rendered":"Gradona\u010delnik Tivta zatra\u017eio pomo\u0107 policije zbog novinarove profilne fotke na FB"},"content":{"rendered":"<p>Predsjednik Op\u0161tine Tivat Sini\u0161a Kusovac je podnio lokalnoj policiji prijavu protiv novinara Vijesti Sini\u0161e Lukovi\u0107a zbog toga \u0161to je na svom <a href=\"https:\/\/www.facebook.com\/sinisa.lukovic.775\">FB profilu<\/a> postavio fotografiju gradona\u010delnika kao svoju profilnu. Kusovac smatra da je time ugro\u017eena njegova privatnost i da je povrije\u0111en njegov integritet, zbog \u010dega je tra\u017eio reakciju tu\u017eila\u0161tva i policije, prenosi portal Vijesti.<\/p>\n<p>Lukovi\u0107 je ju\u010de pozvan u tivatsku policiju kako bi dao izjavu u vezi sa prijavom.<\/p>\n<p><img loading=\"lazy\" decoding=\"async\" class=\"alignright size-medium wp-image-251188\" src=\"http:\/\/www.pcnen.com\/portal\/wp-content\/uploads\/2018\/08\/Tivat-300x201.jpg\" alt=\"\" width=\"300\" height=\"201\" \/>\u201cBudu\u0107i da je Fejsbuk dru\u0161tvena mre\u017ea na kojoj korisnici na ovaj ili onaj na\u010din iskazuju svoje li\u010dne stavove prema raznim dru\u0161tvenim ili privatnim stvarima, smatram da je ovakav moj postupak izraz mog najdubljeg uva\u017eavanja lika i djela doktora Kusovca, njegovog javnog anga\u017eovanja kao politi\u010dara i predsjednika Op\u0161tine Tivat, vrhunskog intelektualca i nespornog visokomoralnog autoriteta. Odlu\u010dnost, rije\u0161enost, bistrina uma i nepokolebljivost da se suo\u010di sa izazovima, a koji zra\u010de iz Kusov\u010deve fotografije, \u0161to sam je uzeo kao svoju profilnu, prosto su fascinantni i nisam mogao odoljeti da ovakvim svojim postupkom ne uka\u017eem Kusovcu i javnosti koliko ga ja zapravo cijenim\u201c, kazao je Lukovi\u0107 u izjavi datoj policijskim inspektorima, <a href=\"https:\/\/www.vijesti.me\/vijesti\/drustvo\/kusovac-prijavio-policiji-novinara-vijesti-jer-je-stavio-njegovu-fotografiju-kao-profilnu?fbclid=IwAR2NoTY6OOPycwLQ6PLeJgtgem2InjJLNaFBlGrhXNze9yvdRLwNZ4n6DwM\">prenosi portal Vijesti.<\/a><\/p>\n","protected":false},"excerpt":{"rendered":"<p>Dopisnik Vijesti Sini\u0161a Lukovi\u0107 ju\u010de dao izjavu u policiji i rekao da je posu\u0111ivanjem fotografije pokazao koliko zdravo cijeni gradona\u010delnika<\/p>\n","protected":false},"author":1,"featured_media":0,"comment_status":"open","ping_status":"closed","sticky":false,"template":"","format":"standard","meta":{"_seopress_robots_primary_cat":"","_seopress_titles_title":"","_seopress_titles_desc":"","_seopress_robots_index":"","_et_pb_use_builder":"","_et_pb_old_content":"","_et_gb_content_width":"","inline_featured_image":false,"footnotes":""},"categories":[14,12],"tags":[],"class_list":["post-272140","post","type-post","status-publish","format-standard","hentry","category-vijesti","category-prica-dana"],"_links":{"self":[{"href":"https:\/\/www.pcnen.com\/portal\/wp-json\/wp\/v2\/posts\/272140","targetHints":{"allow":["GET"]}}],"collection":[{"href":"https:\/\/www.pcnen.com\/portal\/wp-json\/wp\/v2\/posts"}],"about":[{"href":"https:\/\/www.pcnen.com\/portal\/wp-json\/wp\/v2\/types\/post"}],"author":[{"embeddable":true,"href":"https:\/\/www.pcnen.com\/portal\/wp-json\/wp\/v2\/users\/1"}],"replies":[{"embeddable":true,"href":"https:\/\/www.pcnen.com\/portal\/wp-json\/wp\/v2\/comments?post=272140"}],"version-history":[{"count":0,"href":"https:\/\/www.pcnen.com\/portal\/wp-json\/wp\/v2\/posts\/272140\/revisions"}],"wp:attachment":[{"href":"https:\/\/www.pcnen.com\/portal\/wp-json\/wp\/v2\/media?parent=272140"}],"wp:term":[{"taxonomy":"category","embeddable":true,"href":"https:\/\/www.pcnen.com\/portal\/wp-json\/wp\/v2\/categories?post=272140"},{"taxonomy":"post_tag","embeddable":true,"href":"https:\/\/www.pcnen.com\/portal\/wp-json\/wp\/v2\/tags?post=272140"}],"curies":[{"name":"wp","href":"https:\/\/api.w.org\/{rel}","templated":true}]}}