{"id":272119,"date":"2019-08-23T09:24:12","date_gmt":"2019-08-23T07:24:12","guid":{"rendered":"http:\/\/www.pcnen.com\/portal\/?p=272119"},"modified":"2019-08-23T09:35:59","modified_gmt":"2019-08-23T07:35:59","slug":"makron-nasa-kuca-je-u-plamenu-gori-amazonija","status":"publish","type":"post","link":"https:\/\/www.pcnen.com\/portal\/2019\/08\/23\/makron-nasa-kuca-je-u-plamenu-gori-amazonija\/","title":{"rendered":"Makron: Na\u0161a ku\u0107a je u plamenu. Gori Amazonija"},"content":{"rendered":"<p>Francuski predsjednik Emanuel Makron je upozorio sino\u0107 na to da po\u017eari koji haraju brazilskom Amazonijom predstavljaju &#8220;me\u0111unarodnu krizu&#8221;.<\/p>\n<p><img loading=\"lazy\" decoding=\"async\" class=\"size-medium wp-image-225814 alignleft\" src=\"http:\/\/www.pcnen.com\/portal\/wp-content\/uploads\/2017\/05\/Emanuel-Makron-300x222.jpg\" alt=\"\" width=\"300\" height=\"222\" \/>On je pozvao \u010dlanice G7 da razgovaraju o tom problemu na samitu u Bijaricu, u Francuskoj, koji se odr\u017eava ovog vikenda.<\/p>\n<p>&#8220;Na\u0161a ku\u0107a je u plamenu. Bukvalno. Gori Amazonija, plu\u0107a na\u0161e planete koja proizvode 20 odsto kiseonika. To je me\u0111unarodna kriza. \u010clanice G7, vidimo se za dva dana kada \u0107emo razgovarati o tom problemu&#8221;, napisao je francuski predsjednik na Tviteru, prenose online mediji.<\/p>\n<p>Makron se porukom na Tviteru pridru\u017eio generalnom sekretaru UN Antoniju Gutere\u0161u, koji je danas istakao da je &#8220;duboko zabrinut&#8221; zbog po\u017eara u Amazoniji.<\/p>\n<p><iframe loading=\"lazy\" title=\"Amazon fires spark worries of a &#039;death spiral&#039;\" width=\"1080\" height=\"608\" src=\"https:\/\/www.youtube.com\/embed\/_N1thXL-FNA?feature=oembed\" frameborder=\"0\" allow=\"accelerometer; autoplay; clipboard-write; encrypted-media; gyroscope; picture-in-picture; web-share\" allowfullscreen><\/iframe><\/p>\n<p>Amazonske ki\u0161ne \u0161ume u Brazilu poga\u0111a rekordni broj po\u017eara u 2019. godini, pokazuju podaci brazilske svemirske agencije.<\/p>\n<p>Nacionalni institut za svemirska istra\u017eivanja je saop\u0161tio da satelitski podaci pokazuju porast po\u017eara\u00a0 85 odsto u odnosu na isti period lanjske godine, prenose inostrani mediji.<\/p>\n<p>Zvani\u010dni podaci pokazuju da je vi\u0161e od 75.000 \u0161umskih po\u017eara zabilje\u017eeno u Brazilu za prvih osam mjeseci ove godine \u2013 \u0161to je najvi\u0161e od 2013. Tokom 2018. godine bilo je 39.759 po\u017eara.<\/p>\n<p>\u0160umski po\u017eari su uobi\u010dajeni u Amazoniji tokom su\u0161ne sezone, koja traje od jula do oktobra.<\/p>\n","protected":false},"excerpt":{"rendered":"<p>Francuski predsjednik je pozvao \u010dlanice G7 da razgovaraju o tom problemu na samitu koji se odr\u017eava ovog vikenda<\/p>\n","protected":false},"author":1,"featured_media":88053,"comment_status":"open","ping_status":"closed","sticky":false,"template":"","format":"standard","meta":{"_seopress_robots_primary_cat":"","_seopress_titles_title":"","_seopress_titles_desc":"","_seopress_robots_index":"","_et_pb_use_builder":"","_et_pb_old_content":"","_et_gb_content_width":"","inline_featured_image":false,"footnotes":""},"categories":[14,12],"tags":[],"class_list":["post-272119","post","type-post","status-publish","format-standard","has-post-thumbnail","hentry","category-vijesti","category-prica-dana"],"_links":{"self":[{"href":"https:\/\/www.pcnen.com\/portal\/wp-json\/wp\/v2\/posts\/272119","targetHints":{"allow":["GET"]}}],"collection":[{"href":"https:\/\/www.pcnen.com\/portal\/wp-json\/wp\/v2\/posts"}],"about":[{"href":"https:\/\/www.pcnen.com\/portal\/wp-json\/wp\/v2\/types\/post"}],"author":[{"embeddable":true,"href":"https:\/\/www.pcnen.com\/portal\/wp-json\/wp\/v2\/users\/1"}],"replies":[{"embeddable":true,"href":"https:\/\/www.pcnen.com\/portal\/wp-json\/wp\/v2\/comments?post=272119"}],"version-history":[{"count":0,"href":"https:\/\/www.pcnen.com\/portal\/wp-json\/wp\/v2\/posts\/272119\/revisions"}],"wp:featuredmedia":[{"embeddable":true,"href":"https:\/\/www.pcnen.com\/portal\/wp-json\/wp\/v2\/media\/88053"}],"wp:attachment":[{"href":"https:\/\/www.pcnen.com\/portal\/wp-json\/wp\/v2\/media?parent=272119"}],"wp:term":[{"taxonomy":"category","embeddable":true,"href":"https:\/\/www.pcnen.com\/portal\/wp-json\/wp\/v2\/categories?post=272119"},{"taxonomy":"post_tag","embeddable":true,"href":"https:\/\/www.pcnen.com\/portal\/wp-json\/wp\/v2\/tags?post=272119"}],"curies":[{"name":"wp","href":"https:\/\/api.w.org\/{rel}","templated":true}]}}