{"id":272095,"date":"2019-08-22T22:45:42","date_gmt":"2019-08-22T20:45:42","guid":{"rendered":"http:\/\/www.pcnen.com\/portal\/?p=272095"},"modified":"2019-08-22T22:45:42","modified_gmt":"2019-08-22T20:45:42","slug":"slab-do-umjeren-razvoj-dnevne-oblacnosti-3","status":"publish","type":"post","link":"https:\/\/www.pcnen.com\/portal\/2019\/08\/22\/slab-do-umjeren-razvoj-dnevne-oblacnosti-3\/","title":{"rendered":"Slab do umjeren razvoj dnevne obla\u010dnosti"},"content":{"rendered":"<p>U petak \u0107e biti prete\u017eno sun\u010dano i veoma toplo, uz slab do umjeren razvoj dnevne obla\u010dnosti.<\/p>\n<p>Na sjeveru Crne Gore ujutro \u0107e po kotlinama biti kratkotrajno magla, a popodne \u0107e biti mogu\u0107e kratkotrajne nestabilnosti, prvenstveno u planinskim krajevima.<\/p>\n<p><img loading=\"lazy\" decoding=\"async\" class=\"size-medium wp-image-80770 alignleft\" src=\"http:\/\/www.pcnen.com\/portal\/wp-content\/uploads\/2012\/04\/obla\u010dno-sa-ki\u0161om-300x225.jpg\" alt=\"\" width=\"300\" height=\"225\" \/>Promjenljiv vjetar bi\u0107e uglavnom slab do umjeren. U jutarnjim i no\u0107nim satima ponegdje, prvenstveno na jugu, duva\u0107e umjereno do poja\u010dano sa sjeveroistoka i istoka.<\/p>\n<p>Jutarnja temperatura vazduha bi\u0107e u rasponu od 10 do 25, a najvi\u0161a dnevna od 26 do 38 stepeni.<\/p>\n<blockquote><p>Sun\u010dano i veoma toplo bi\u0107e u Podgorici, uz slab do umjeren razvoj dnevne obla\u010dnosti.<\/p>\n<p>Vjetar sa sjeveroistoka duva\u0107e povremeno umjerenom ja\u010dinom.<\/p>\n<p>Jutarnja temperatura vazduha bi\u0107e oko 25, a najvi\u0161a dnevna oko 37 stepeni.<\/p>\n<p><a href=\"http:\/\/www.meteo.co.me\/misc.php?text=121&amp;sektor=1&amp;grad=GUS\">Prognoza za ostale gradove.<\/a><\/p><\/blockquote>\n","protected":false},"excerpt":{"rendered":"<p>Popodne \u0107e biti mogu\u0107e kratkotrajne nestabilnosti, prvenstveno u planinskim krajevima<\/p>\n","protected":false},"author":1,"featured_media":232274,"comment_status":"open","ping_status":"closed","sticky":false,"template":"","format":"standard","meta":{"_seopress_robots_primary_cat":"","_seopress_titles_title":"","_seopress_titles_desc":"","_seopress_robots_index":"","_et_pb_use_builder":"","_et_pb_old_content":"","_et_gb_content_width":"","inline_featured_image":false,"footnotes":""},"categories":[14,12],"tags":[],"class_list":["post-272095","post","type-post","status-publish","format-standard","has-post-thumbnail","hentry","category-vijesti","category-prica-dana"],"_links":{"self":[{"href":"https:\/\/www.pcnen.com\/portal\/wp-json\/wp\/v2\/posts\/272095","targetHints":{"allow":["GET"]}}],"collection":[{"href":"https:\/\/www.pcnen.com\/portal\/wp-json\/wp\/v2\/posts"}],"about":[{"href":"https:\/\/www.pcnen.com\/portal\/wp-json\/wp\/v2\/types\/post"}],"author":[{"embeddable":true,"href":"https:\/\/www.pcnen.com\/portal\/wp-json\/wp\/v2\/users\/1"}],"replies":[{"embeddable":true,"href":"https:\/\/www.pcnen.com\/portal\/wp-json\/wp\/v2\/comments?post=272095"}],"version-history":[{"count":0,"href":"https:\/\/www.pcnen.com\/portal\/wp-json\/wp\/v2\/posts\/272095\/revisions"}],"wp:featuredmedia":[{"embeddable":true,"href":"https:\/\/www.pcnen.com\/portal\/wp-json\/wp\/v2\/media\/232274"}],"wp:attachment":[{"href":"https:\/\/www.pcnen.com\/portal\/wp-json\/wp\/v2\/media?parent=272095"}],"wp:term":[{"taxonomy":"category","embeddable":true,"href":"https:\/\/www.pcnen.com\/portal\/wp-json\/wp\/v2\/categories?post=272095"},{"taxonomy":"post_tag","embeddable":true,"href":"https:\/\/www.pcnen.com\/portal\/wp-json\/wp\/v2\/tags?post=272095"}],"curies":[{"name":"wp","href":"https:\/\/api.w.org\/{rel}","templated":true}]}}