{"id":272056,"date":"2019-08-22T16:14:55","date_gmt":"2019-08-22T14:14:55","guid":{"rendered":"http:\/\/www.pcnen.com\/portal\/?p=272056"},"modified":"2019-08-22T18:27:40","modified_gmt":"2019-08-22T16:27:40","slug":"koprivica-i-saranovic-u-odboru-za-sveobuhvatne-izborne-reforme","status":"publish","type":"post","link":"https:\/\/www.pcnen.com\/portal\/2019\/08\/22\/koprivica-i-saranovic-u-odboru-za-sveobuhvatne-izborne-reforme\/","title":{"rendered":"Koprivica i \u0160aranovi\u0107 u Odboru za sveobuhvatne izborne reforme"},"content":{"rendered":"<p>Administrativni odbor Skup\u0161tine Crne Gore je danas u Odbor za sveobuhvatne izborne reforme uklju\u010dio dvojicu poslanika Demokratske Crne Gore, Moma Koprivicu i Danila \u0160aranovi\u0107a, ali nije glasano o predlogu da u Odbor u\u0111e poslanik Aleksandar Damjanovi\u0107 iz nezavisnog poslani\u010dkog kluba.<\/p>\n<p>Predsjednik Administrativnog odbora je odbio da predlog nezavisnog kluba stavi na glasanje, obja\u0161njavaju\u0107i da je njihov predlog stigao kasno i da \u0107e se o Damjanovi\u0107u odlu\u010divati na narednoj sjednici.<\/p>\n<p><img loading=\"lazy\" decoding=\"async\" class=\"wp-image-141343 alignleft\" src=\"http:\/\/www.pcnen.com\/portal\/wp-content\/uploads\/2014\/03\/izbori1-450x318.jpg\" alt=\"\" width=\"273\" height=\"193\" \/>&#8220;Ovo je teror. Vi ste portparol Demokratske Crne Gore&#8221;, kazao je poslanik Demokratskog fronta (DF) Milutin \u0110ukanovi\u0107 predsjedniku Administrativnog odbora Ljui\u0111u \u0160krelji.<\/p>\n<p>\u010clanovi Administrativnog odbora iz DF su nakon toga napustili sjednicu.<\/p>\n<p>Koprivica i \u0160aranovi\u0107 izabrani su glasovima poslanika koji pripadaju vladaju\u0107oj ve\u0107ini u parlamentu.<\/p>\n<p>Poslanik Demosa Miodrag Leki\u0107 je, kako je ranije najavio, podnio ostavku na \u010dlnstvo u Odboru za sveobuhvatne izborne reforme.<\/p>\n","protected":false},"excerpt":{"rendered":"<p>\u010clanovi Administrativnog odbora iz DF napustili sjednicu<\/p>\n","protected":false},"author":1,"featured_media":0,"comment_status":"open","ping_status":"closed","sticky":false,"template":"","format":"standard","meta":{"_seopress_robots_primary_cat":"","_seopress_titles_title":"","_seopress_titles_desc":"","_seopress_robots_index":"","_et_pb_use_builder":"","_et_pb_old_content":"","_et_gb_content_width":"","inline_featured_image":false,"footnotes":""},"categories":[14,12],"tags":[],"class_list":["post-272056","post","type-post","status-publish","format-standard","hentry","category-vijesti","category-prica-dana"],"_links":{"self":[{"href":"https:\/\/www.pcnen.com\/portal\/wp-json\/wp\/v2\/posts\/272056","targetHints":{"allow":["GET"]}}],"collection":[{"href":"https:\/\/www.pcnen.com\/portal\/wp-json\/wp\/v2\/posts"}],"about":[{"href":"https:\/\/www.pcnen.com\/portal\/wp-json\/wp\/v2\/types\/post"}],"author":[{"embeddable":true,"href":"https:\/\/www.pcnen.com\/portal\/wp-json\/wp\/v2\/users\/1"}],"replies":[{"embeddable":true,"href":"https:\/\/www.pcnen.com\/portal\/wp-json\/wp\/v2\/comments?post=272056"}],"version-history":[{"count":0,"href":"https:\/\/www.pcnen.com\/portal\/wp-json\/wp\/v2\/posts\/272056\/revisions"}],"wp:attachment":[{"href":"https:\/\/www.pcnen.com\/portal\/wp-json\/wp\/v2\/media?parent=272056"}],"wp:term":[{"taxonomy":"category","embeddable":true,"href":"https:\/\/www.pcnen.com\/portal\/wp-json\/wp\/v2\/categories?post=272056"},{"taxonomy":"post_tag","embeddable":true,"href":"https:\/\/www.pcnen.com\/portal\/wp-json\/wp\/v2\/tags?post=272056"}],"curies":[{"name":"wp","href":"https:\/\/api.w.org\/{rel}","templated":true}]}}