{"id":272035,"date":"2019-08-22T11:02:52","date_gmt":"2019-08-22T09:02:52","guid":{"rendered":"http:\/\/www.pcnen.com\/portal\/?p=272035"},"modified":"2019-08-22T11:52:41","modified_gmt":"2019-08-22T09:52:41","slug":"ministarstvo-odbrane-optuzilo-df-da-ugrozava-suzivot-u-cg","status":"publish","type":"post","link":"https:\/\/www.pcnen.com\/portal\/2019\/08\/22\/ministarstvo-odbrane-optuzilo-df-da-ugrozava-suzivot-u-cg\/","title":{"rendered":"Ministarstvo odbrane optu\u017eilo DF da ugro\u017eava su\u017eivot u CG"},"content":{"rendered":"<p>Ministarstvo odbrane Crne Gore je optu\u017eilo Demokratski front (DF) za naru\u0161avanje bezbjednosti zemlje, naru\u0161avanje me\u0111unacionalnog i multietni\u010dkog sklada i dobrosusjedskih odnosa sa dr\u017eavama u okru\u017eenju.<\/p>\n<p>Ministarstvo odbrane je reagovalo na vi\u0161ednevnu kampanju tokom koje lideri Demokratskog fronta tvrde da je \u201cgranica Crne Gore sa Albanijom i Kosovom najporoznija granica u Evropi i predstavlja otvoreni put za \u0161verc droge, cigareta, oru\u017eja, ljudi\u201d.<\/p>\n<p><img loading=\"lazy\" decoding=\"async\" class=\"alignright size-full wp-image-257560\" src=\"http:\/\/www.pcnen.com\/portal\/wp-content\/uploads\/2018\/12\/medojevic.jpg\" alt=\"\" width=\"300\" height=\"283\" \/>Jedan od lidera Demokratskog fronta, Neboj\u0161a Medojevi\u0107, je prethodno <a href=\"https:\/\/www.facebook.com\/nebojsa.medojevic\/posts\/10220090176623125\">napisao na fejsbuku<\/a> da \u201ctreba podi\u0107i zid izme\u0111u Crne Gore, Kosova i Albanije\u201d, nazivaju\u0107i Kosovo &#8220;takozvanim&#8221; i &#8220;la\u017enom dr\u017eavom&#8221;, podsje\u0107a RSE.<\/p>\n<p>Ministarstvo odbrane je ocijenilo da Demokratski front i njegovi lideri u kontinuitetu vode negativnu kampanju protiv Vojske Crne Gore i njenih pripadnika, preko svojih strana\u010dkih saop\u0161tenja, preko njima bliskih medija iz okru\u017eenja, sa ciljem kompromitacije dr\u017eave i njenih institucija.<\/p>\n<p>\u201cReagujemo jer atakuju (DF) na najve\u0107e vrijednosti koje ba\u0161tini Crna Gora, kao \u0161to je su\u017eivot razli\u010ditih vjera i nacija i dobrosusjedski odnosi. Poru\u010dujemo im da je na\u0161a vojska garant mira i stabilnosti zemlje i svakog njenog gra\u0111anina, sposobna da doprinosi globalnom miru i stabilnosti djeluju\u0107i u okviru NATO, a njen sastav odslikava Crnu Goru u svim njenim tradicionalnim i savremenim vrijednostima. Upravo zato Vojska Crne Gore u kontinitetu ima najve\u0107e povjerenje i podr\u0161ku gra\u0111ana\u201d, navodi se u saop\u0161tenju Ministarstva odbrane.<\/p>\n<p>\u201cPrepoznajemo da je Demokratski front ve\u0107 du\u017ee vrijeme u politi\u010dkoj agoniji, unutarstrana\u010dkom neredu koji ih gura u destrukciju sopstvene dr\u017eave koju vrlo \u010desto ne priznaju i koju bi rado vidjeli kao 27. izbornu jedinicu neke &#8216;Velike Srbije'\u201c, pi\u0161e u saop\u0161tenju.<\/p>\n","protected":false},"excerpt":{"rendered":"<p>Ministarstvo odbrane je ocijenilo da Demokratski front i njegovi lideri u kontinuitetu vode negativnu kampanju protiv Vojske Crne Gore i njenih pripadnika<\/p>\n","protected":false},"author":1,"featured_media":0,"comment_status":"open","ping_status":"closed","sticky":false,"template":"","format":"standard","meta":{"_seopress_robots_primary_cat":"","_seopress_titles_title":"","_seopress_titles_desc":"","_seopress_robots_index":"","_et_pb_use_builder":"","_et_pb_old_content":"","_et_gb_content_width":"","inline_featured_image":false,"footnotes":""},"categories":[14,12],"tags":[],"class_list":["post-272035","post","type-post","status-publish","format-standard","hentry","category-vijesti","category-prica-dana"],"_links":{"self":[{"href":"https:\/\/www.pcnen.com\/portal\/wp-json\/wp\/v2\/posts\/272035","targetHints":{"allow":["GET"]}}],"collection":[{"href":"https:\/\/www.pcnen.com\/portal\/wp-json\/wp\/v2\/posts"}],"about":[{"href":"https:\/\/www.pcnen.com\/portal\/wp-json\/wp\/v2\/types\/post"}],"author":[{"embeddable":true,"href":"https:\/\/www.pcnen.com\/portal\/wp-json\/wp\/v2\/users\/1"}],"replies":[{"embeddable":true,"href":"https:\/\/www.pcnen.com\/portal\/wp-json\/wp\/v2\/comments?post=272035"}],"version-history":[{"count":0,"href":"https:\/\/www.pcnen.com\/portal\/wp-json\/wp\/v2\/posts\/272035\/revisions"}],"wp:attachment":[{"href":"https:\/\/www.pcnen.com\/portal\/wp-json\/wp\/v2\/media?parent=272035"}],"wp:term":[{"taxonomy":"category","embeddable":true,"href":"https:\/\/www.pcnen.com\/portal\/wp-json\/wp\/v2\/categories?post=272035"},{"taxonomy":"post_tag","embeddable":true,"href":"https:\/\/www.pcnen.com\/portal\/wp-json\/wp\/v2\/tags?post=272035"}],"curies":[{"name":"wp","href":"https:\/\/api.w.org\/{rel}","templated":true}]}}