{"id":272028,"date":"2019-08-22T16:32:57","date_gmt":"2019-08-22T14:32:57","guid":{"rendered":"http:\/\/www.pcnen.com\/portal\/?p=272028"},"modified":"2019-08-22T16:43:41","modified_gmt":"2019-08-22T14:43:41","slug":"banjevic-i-dukanovic-pusteni-da-se-brane-saslobode","status":"publish","type":"post","link":"https:\/\/www.pcnen.com\/portal\/2019\/08\/22\/banjevic-i-dukanovic-pusteni-da-se-brane-saslobode\/","title":{"rendered":"Banjevi\u0107 i \u0110ukanovi\u0107 pu\u0161teni da se brane sa slobode"},"content":{"rendered":"<p>Mihailo Banjevi\u0107 i Du\u0161ko \u0110ukanovi\u0107su, nakon \u0161to ih je saslu\u0161ala specijalna dr\u017eavna tu\u017eiteljka Lidija Vuk\u010devi\u0107, pu\u0161teni su da se brane sa slobode. Tre\u0107i jutros privedeni, \u0110or\u0111e \u0110ur\u0111i\u0107 jo\u0161 nije saslu\u0161an.<\/p>\n<p>Njih trojica su, prema saznanjima Vijesti, uhap\u0161eni u okviru predmeta u kojem je <a href=\"http:\/\/www.pcnen.com\/portal\/2019\/08\/21\/uhapsen-kum-duska-knezevica\/\">pritvoren Dejan Sekuli\u0107<\/a>, kum predsjednika Atlas grupe, Du\u0161ka Kne\u017eevi\u0107a.<\/p>\n<p><img loading=\"lazy\" decoding=\"async\" class=\"size-large wp-image-175321 aligncenter\" src=\"http:\/\/www.pcnen.com\/portal\/wp-content\/uploads\/2015\/03\/hapsenje-foto-mondo.rs_-450x253.jpg\" alt=\"\" width=\"450\" height=\"253\" \/><br \/>\nSekuli\u0107ev advokat, Zdravko \u0110ukanovi\u0107 je kazao da je njegov klijent uhap\u0161en po nalogu Glavnog specijalnog tu\u017eioca Milivoja Katni\u0107a.<\/p>\n<p>Pozvaju\u0107i se na obavezu \u010duvanja podataka, budu\u0107i da slu\u010daj nosi oznaku &#8220;tajno&#8221;, \u0110ukanovi\u0107 nije saop\u0161tavao detalje saslu\u0161anja. On je ju\u010de za TV Vijesti kazao da se njegov klijent tereti za dva krivi\u010dna djela &#8211; zloupotrebu polo\u017eaja u privredom poslovanju i zloupotrebu ovla\u0161\u0107enja u privredi.<\/p>\n<p>Protiv Du\u0161ka Kne\u017eevi\u0107a se vodi vi\u0161e istraga Specijalnog tu\u017eila\u0161tva koje se odnose na utaju poreza, pranje novca te zloupotrebu slu\u017ebenog polo\u017eaja.<\/p>\n<p>Kne\u017eevi\u0107 je izbjegao hap\u0161enje odlaskom iz Crne Gore u Veliku Britaniju, \u010diji je dr\u017eavljanin.<\/p>\n","protected":false},"excerpt":{"rendered":"<p>Oni su bili privedeni u okviru predmeta u kojem je pritrvoren Dejan Sekuli\u0107, kum predsjednika Atlas grupe Du\u0161ka Kne\u017eevi\u0107a<\/p>\n","protected":false},"author":1,"featured_media":0,"comment_status":"open","ping_status":"closed","sticky":false,"template":"","format":"standard","meta":{"_seopress_robots_primary_cat":"","_seopress_titles_title":"","_seopress_titles_desc":"","_seopress_robots_index":"","_et_pb_use_builder":"","_et_pb_old_content":"","_et_gb_content_width":"","inline_featured_image":false,"footnotes":""},"categories":[14,12],"tags":[],"class_list":["post-272028","post","type-post","status-publish","format-standard","hentry","category-vijesti","category-prica-dana"],"_links":{"self":[{"href":"https:\/\/www.pcnen.com\/portal\/wp-json\/wp\/v2\/posts\/272028","targetHints":{"allow":["GET"]}}],"collection":[{"href":"https:\/\/www.pcnen.com\/portal\/wp-json\/wp\/v2\/posts"}],"about":[{"href":"https:\/\/www.pcnen.com\/portal\/wp-json\/wp\/v2\/types\/post"}],"author":[{"embeddable":true,"href":"https:\/\/www.pcnen.com\/portal\/wp-json\/wp\/v2\/users\/1"}],"replies":[{"embeddable":true,"href":"https:\/\/www.pcnen.com\/portal\/wp-json\/wp\/v2\/comments?post=272028"}],"version-history":[{"count":0,"href":"https:\/\/www.pcnen.com\/portal\/wp-json\/wp\/v2\/posts\/272028\/revisions"}],"wp:attachment":[{"href":"https:\/\/www.pcnen.com\/portal\/wp-json\/wp\/v2\/media?parent=272028"}],"wp:term":[{"taxonomy":"category","embeddable":true,"href":"https:\/\/www.pcnen.com\/portal\/wp-json\/wp\/v2\/categories?post=272028"},{"taxonomy":"post_tag","embeddable":true,"href":"https:\/\/www.pcnen.com\/portal\/wp-json\/wp\/v2\/tags?post=272028"}],"curies":[{"name":"wp","href":"https:\/\/api.w.org\/{rel}","templated":true}]}}