{"id":271962,"date":"2019-08-21T12:12:30","date_gmt":"2019-08-21T10:12:30","guid":{"rendered":"http:\/\/www.pcnen.com\/portal\/?p=271962"},"modified":"2019-08-21T22:44:29","modified_gmt":"2019-08-21T20:44:29","slug":"knezevic-medenica-pomagala-u-aferi-telekom","status":"publish","type":"post","link":"https:\/\/www.pcnen.com\/portal\/2019\/08\/21\/knezevic-medenica-pomagala-u-aferi-telekom\/","title":{"rendered":"Kne\u017eevi\u0107: Medenica pomagala u aferi Telekom"},"content":{"rendered":"<p>Predsjednik Atlas Grupe dr Du\u0161ko Kne\u017eevi\u0107 u narednom periodu nastavi\u0107e sa javnim izno\u0161enjem dokaza koji upu\u0107uju na kriminal \u010diji su akteri \u010dlanovi samog dr\u017eavnog vrha, kao i na totalnu zloupotrebu pravosu\u0111a radi za\u0161tite njihovih kriminalnih poslova kojima je dr\u017eava Crna Gora pretrpjela \u0161tetu koja se mjeri stotinama miliona eura, pi\u0161e u saop\u0161tenju Atlas grupe.<\/p>\n<p><img loading=\"lazy\" decoding=\"async\" class=\"size-large wp-image-271963 aligncenter\" src=\"http:\/\/www.pcnen.com\/portal\/wp-content\/uploads\/2019\/08\/medenica-telekom-339x450.jpeg\" alt=\"\" width=\"339\" height=\"450\" srcset=\"https:\/\/www.pcnen.com\/portal\/wp-content\/uploads\/2019\/08\/medenica-telekom-339x450.jpeg 339w, https:\/\/www.pcnen.com\/portal\/wp-content\/uploads\/2019\/08\/medenica-telekom-226x300.jpeg 226w, https:\/\/www.pcnen.com\/portal\/wp-content\/uploads\/2019\/08\/medenica-telekom-480x636.jpeg 480w, https:\/\/www.pcnen.com\/portal\/wp-content\/uploads\/2019\/08\/medenica-telekom-235x311.jpeg 235w, https:\/\/www.pcnen.com\/portal\/wp-content\/uploads\/2019\/08\/medenica-telekom-75x99.jpeg 75w, https:\/\/www.pcnen.com\/portal\/wp-content\/uploads\/2019\/08\/medenica-telekom-350x464.jpeg 350w, https:\/\/www.pcnen.com\/portal\/wp-content\/uploads\/2019\/08\/medenica-telekom-220x292.jpeg 220w, https:\/\/www.pcnen.com\/portal\/wp-content\/uploads\/2019\/08\/medenica-telekom.jpeg 553w\" sizes=\"(max-width: 339px) 100vw, 339px\" \/><br \/>\nKne\u017eevi\u0107 ovom prilikom upoznaje javnost sa ulogom Vesne Medenice u aferi Telekom.<\/p>\n<p>&#8220;Vesna Medenica je 2007. godine, na zahtjev tada\u0161nje uprave Telekoma, kao tada\u0161nja Vrhovna dr\u017eavna tu\u017eiteljka, konstatovala da nema ni\u0161ta sporno kod dva konsultantska ugovora, preko kojih su Ma\u0111ari potplatili prvu familiju da bi za male pare dobili Telekom.<\/p>\n<p>Ovakvo pona\u0161anje tu\u017eila\u0161tva danas nije ni\u0161ta novo, a papir koji dijelim sa javno\u0161\u0107u pokazuje da je ono zarobljeno i kontrolisano odavno.<\/p>\n<p><img loading=\"lazy\" decoding=\"async\" class=\"size-large wp-image-271964 aligncenter\" src=\"http:\/\/www.pcnen.com\/portal\/wp-content\/uploads\/2019\/08\/medenica-telekom-ana1-450x428.jpeg\" alt=\"\" width=\"450\" height=\"428\" srcset=\"https:\/\/www.pcnen.com\/portal\/wp-content\/uploads\/2019\/08\/medenica-telekom-ana1-450x428.jpeg 450w, https:\/\/www.pcnen.com\/portal\/wp-content\/uploads\/2019\/08\/medenica-telekom-ana1-300x285.jpeg 300w, https:\/\/www.pcnen.com\/portal\/wp-content\/uploads\/2019\/08\/medenica-telekom-ana1-480x456.jpeg 480w, https:\/\/www.pcnen.com\/portal\/wp-content\/uploads\/2019\/08\/medenica-telekom-ana1-235x223.jpeg 235w, https:\/\/www.pcnen.com\/portal\/wp-content\/uploads\/2019\/08\/medenica-telekom-ana1-75x71.jpeg 75w, https:\/\/www.pcnen.com\/portal\/wp-content\/uploads\/2019\/08\/medenica-telekom-ana1-350x333.jpeg 350w, https:\/\/www.pcnen.com\/portal\/wp-content\/uploads\/2019\/08\/medenica-telekom-ana1-220x209.jpeg 220w, https:\/\/www.pcnen.com\/portal\/wp-content\/uploads\/2019\/08\/medenica-telekom-ana1.jpeg 633w\" sizes=\"(max-width: 450px) 100vw, 450px\" \/><\/p>\n<p>Sve \u0161to je Medenica tada radila da bi spasila prvu familiju od afere Telekom koordinirala je Ana \u0110ukanovi\u0107, odnosno njen brat, tada\u0161nji premijer Milo \u0110ukanovi\u0107. Tako je i ovaj dokument, koji je Medenica pripremila na formalni zahtjev uprave Telekoma, sa faksa Tu\u017eila\u0161tva poslat u kabinet \u0110ukanovi\u0107a, odakle je i dospio u moj posjed.<\/p>\n<p>Dok sam ja animirao strane investitore da ula\u017eu u Crnu Goru, \u0110ukanovi\u0107 je krao Crnu Goru. Uskoro \u0107u iznijeti jo\u0161 detalja o aferi Telekom, kao i to odakle je dolazio novac za ru\u0161enje Milo\u0161evi\u0107a i koliko je tog novca \u0110ukanovic zadr\u017eao za sebe. Pripremam i informacije o tome kako je \u0110ukanovi\u0107 uzimao pare namijenjene rje\u0161avanju dr\u017eavno-pravnog statusa Crne Gore. Svaki detalj o tome \u0107e sti\u0107i i na svaku va\u017eniju me\u0111unarodnu adresu.<\/p>\n<p>Ovo pismo Medenice i ukupno djelovanje tu\u017eila\u0161tva obja\u0161njavaju za\u0161to \u0110ukanovi\u0107 nije ni saslu\u0161an nakon informacija o &#8220;ni\u010dijoj ku\u0107i&#8221; na Gorici, afere Telekom, kra\u0111i novca prilikom prodaje EPCG Italijanima, kredita iz Londona i mahinacija na berzi koje je lako utvrditi samo otvaranjem kastodi ra\u010duna preko kojeg je prodavao akcije i umno\u017eavao milione&#8230;<\/p>\n<p>Dr\u017eavno tu\u017eilastvo i pravosu\u0111e se razotkrivaju i skoro javno pona\u0161aju kao pretorijanska garda familije \u0110ukanovi\u0107, poku\u0161avaju\u0107i da ih za\u0161tite od korupciona\u0161kih poslova preko kojih su krali Crnu Goru.<\/p>\n<p>Sada im je jedan od glavnih izvr\u0161ilaca, pored Katni\u0107a, Lidija Vuk\u010devi\u0107, koja se pona\u0161a kao da zakoni ne postoje kada treba \u010duvati familiju \u0110ukanovi\u0107 i proganjati nedu\u017ene ljude zato \u0161to su moji kumovi i moja porodica.<\/p>\n<p>Napravili su besudnu zemlju, ali istinu o njima ne\u0107e mo\u0107i da sakriju.<\/p>\n<p>Ona \u0107e ih proganjati sve dok ne zavr\u0161e u zatvoru. I oni i njihovi pioni u tu\u017eila\u0161tvu i sudstvu&#8221;.<\/p>\n","protected":false},"excerpt":{"rendered":"<p>Napravili su besudnu zemlju, ali istinu o njima ne\u0107e mo\u0107i da sakriju<\/p>\n","protected":false},"author":1,"featured_media":271963,"comment_status":"open","ping_status":"closed","sticky":false,"template":"","format":"standard","meta":{"_seopress_robots_primary_cat":"","_seopress_titles_title":"","_seopress_titles_desc":"","_seopress_robots_index":"","_et_pb_use_builder":"","_et_pb_old_content":"","_et_gb_content_width":"","inline_featured_image":false,"footnotes":""},"categories":[14,12],"tags":[],"class_list":["post-271962","post","type-post","status-publish","format-standard","has-post-thumbnail","hentry","category-vijesti","category-prica-dana"],"_links":{"self":[{"href":"https:\/\/www.pcnen.com\/portal\/wp-json\/wp\/v2\/posts\/271962","targetHints":{"allow":["GET"]}}],"collection":[{"href":"https:\/\/www.pcnen.com\/portal\/wp-json\/wp\/v2\/posts"}],"about":[{"href":"https:\/\/www.pcnen.com\/portal\/wp-json\/wp\/v2\/types\/post"}],"author":[{"embeddable":true,"href":"https:\/\/www.pcnen.com\/portal\/wp-json\/wp\/v2\/users\/1"}],"replies":[{"embeddable":true,"href":"https:\/\/www.pcnen.com\/portal\/wp-json\/wp\/v2\/comments?post=271962"}],"version-history":[{"count":0,"href":"https:\/\/www.pcnen.com\/portal\/wp-json\/wp\/v2\/posts\/271962\/revisions"}],"wp:featuredmedia":[{"embeddable":true,"href":"https:\/\/www.pcnen.com\/portal\/wp-json\/wp\/v2\/media\/271963"}],"wp:attachment":[{"href":"https:\/\/www.pcnen.com\/portal\/wp-json\/wp\/v2\/media?parent=271962"}],"wp:term":[{"taxonomy":"category","embeddable":true,"href":"https:\/\/www.pcnen.com\/portal\/wp-json\/wp\/v2\/categories?post=271962"},{"taxonomy":"post_tag","embeddable":true,"href":"https:\/\/www.pcnen.com\/portal\/wp-json\/wp\/v2\/tags?post=271962"}],"curies":[{"name":"wp","href":"https:\/\/api.w.org\/{rel}","templated":true}]}}