{"id":271949,"date":"2019-08-21T09:39:33","date_gmt":"2019-08-21T07:39:33","guid":{"rendered":"http:\/\/www.pcnen.com\/portal\/?p=271949"},"modified":"2019-08-21T09:39:33","modified_gmt":"2019-08-21T07:39:33","slug":"uhapsen-kum-duska-knezevica","status":"publish","type":"post","link":"https:\/\/www.pcnen.com\/portal\/2019\/08\/21\/uhapsen-kum-duska-knezevica\/","title":{"rendered":"Uhap\u0161en kum Du\u0161ka Kne\u017eevi\u0107a"},"content":{"rendered":"<p><img loading=\"lazy\" decoding=\"async\" class=\"alignleft size-full wp-image-226290\" src=\"http:\/\/www.pcnen.com\/portal\/wp-content\/uploads\/2017\/05\/lisice.jpg\" alt=\"\" width=\"300\" height=\"183\" \/>Advokat Zdravko \u0110ukanovi\u0107 saop\u0161tio je kasno sino\u0107 da je po nalogu Glavnog specijalnog tu\u017eioca Milivoja Katni\u0107a, ju\u010de oko 18 sati, li\u0161en slobode Dejan Sekuli\u0107, kum odbjeglog biznismena Du\u0161ka Kne\u017eevi\u0107a.<\/p>\n<p>&#8220;On je uhapsen bez ikakvog pravnog osnova i suprotno zakonu, a postupanje Specijalnog dr\u017eavnog tu\u017eila\u0161tva u Podgorici se mo\u017ee\u00a0 okarakterisati kao otvoreni teror prema svim licima koja su bliska Du\u0161ku Kne\u017eevi\u0107u&#8221;, saop\u0161tio je \u0110ukanovi\u0107, pravni zastupnik Kne\u017eevi\u0107a i Sekuli\u0107a.<\/p>\n<p>Cilj tog terora je, kako je rekao, njihovo zastra\u0161ivanje, a smisao je &#8220;stvaranje sve ja\u010deg pritiska na Du\u0161ka Kne\u017eevi\u0107a, kako bi odustao od svoje borbe i od otkrivanja nezakonitosti u vrhu izvr\u0161ne vlasti Crne Gore&#8221;.<\/p>\n<p>Kao branilac je, kako je rekao, poku\u0161ao u vi\u0161e navrata da stupi u kontakt sa specijalnim dr\u017eavnim tu\u017eiocem i starje\u0161inom specijalnog policijskog tima, ali se, tvrdi, niko nije odazivao na pozive, prenosi RTCG.<\/p>\n<p>&#8220;Po mom uvjerenju, ovakvo postupanje predstavlja drasti\u010dan i nezapam\u0107en vid zloupotrebe slu\u017ebenih ovla\u0161\u0107enja i, kako sam ve\u0107 naglasio, nastavak jo\u0161 ekstremnijeg otvorenog terora prema \u010dlanovima porodice i prema licima koja su bliska Du\u0161ku Kne\u017eevi\u0107u&#8221;, tvrdi \u0110ukanovi\u0107.<\/p>\n","protected":false},"excerpt":{"rendered":"<p>Postupanje Specijalnog dr\u017eavnog tu\u017eila\u0161tva  se mo\u017ee  okarakterisati kao otvoreni teror prema svim licima koja su bliska Du\u0161ku Kne\u017eevi\u0107u<\/p>\n","protected":false},"author":1,"featured_media":0,"comment_status":"open","ping_status":"closed","sticky":false,"template":"","format":"standard","meta":{"_seopress_robots_primary_cat":"","_seopress_titles_title":"","_seopress_titles_desc":"","_seopress_robots_index":"","_et_pb_use_builder":"","_et_pb_old_content":"","_et_gb_content_width":"","inline_featured_image":false,"footnotes":""},"categories":[14],"tags":[],"class_list":["post-271949","post","type-post","status-publish","format-standard","hentry","category-vijesti"],"_links":{"self":[{"href":"https:\/\/www.pcnen.com\/portal\/wp-json\/wp\/v2\/posts\/271949","targetHints":{"allow":["GET"]}}],"collection":[{"href":"https:\/\/www.pcnen.com\/portal\/wp-json\/wp\/v2\/posts"}],"about":[{"href":"https:\/\/www.pcnen.com\/portal\/wp-json\/wp\/v2\/types\/post"}],"author":[{"embeddable":true,"href":"https:\/\/www.pcnen.com\/portal\/wp-json\/wp\/v2\/users\/1"}],"replies":[{"embeddable":true,"href":"https:\/\/www.pcnen.com\/portal\/wp-json\/wp\/v2\/comments?post=271949"}],"version-history":[{"count":0,"href":"https:\/\/www.pcnen.com\/portal\/wp-json\/wp\/v2\/posts\/271949\/revisions"}],"wp:attachment":[{"href":"https:\/\/www.pcnen.com\/portal\/wp-json\/wp\/v2\/media?parent=271949"}],"wp:term":[{"taxonomy":"category","embeddable":true,"href":"https:\/\/www.pcnen.com\/portal\/wp-json\/wp\/v2\/categories?post=271949"},{"taxonomy":"post_tag","embeddable":true,"href":"https:\/\/www.pcnen.com\/portal\/wp-json\/wp\/v2\/tags?post=271949"}],"curies":[{"name":"wp","href":"https:\/\/api.w.org\/{rel}","templated":true}]}}